{"id":156,"date":"2020-02-05T10:50:56","date_gmt":"2020-02-05T09:50:56","guid":{"rendered":"https:\/\/www.malmedyfolklore.be\/?p=156"},"modified":"2024-11-29T11:58:59","modified_gmt":"2024-11-29T10:58:59","slug":"sommaire-des-numeros-parus-de-1922-a-1996","status":"publish","type":"post","link":"https:\/\/www.malmedyfolklore.be\/?p=156","title":{"rendered":"Sommaire des num\u00e9ros parus  de 1922 \u00e0 2022"},"content":{"rendered":"\n<div class=\"wp-block-file\"><a id=\"wp-block-file--media-7445f0a6-40fa-44fe-8485-9f73ecdd7b99\" href=\"https:\/\/www.malmedyfolklore.be\/wp-content\/uploads\/2020\/02\/INVENTAIRE-MALMEDY-FOLKLORE-2020-avec-traduction.doc\" target=\"_blank\" rel=\"noreferrer noopener\">INVENTAIRE MALMEDY FOLKLORE 2020 avec traduction<\/a><a href=\"https:\/\/www.malmedyfolklore.be\/wp-content\/uploads\/2020\/02\/INVENTAIRE-MALMEDY-FOLKLORE-2020-avec-traduction.doc\" class=\"wp-block-file__button wp-element-button\" download aria-describedby=\"wp-block-file--media-7445f0a6-40fa-44fe-8485-9f73ecdd7b99\">T\u00e9l\u00e9charger<\/a><\/div>\n\n\n\n<p><\/p>\n\n\n\n<p><strong>Soci\u00e9t\u00e9 Royale d\u2019Histoire MALMEDY FOLKLORE<\/strong> <strong>&nbsp;fond\u00e9e en 1923<\/strong><\/p>\n\n\n\n<p><strong>Revue fond\u00e9e en 1922<\/strong><\/p>\n\n\n\n<p><strong>TABLE DES ARTICLES PARUS DANS \u00ab\u00a0MALMEDY-FOLKLORE\u00a0\u00bb<\/strong><\/p>\n\n\n\n<p>depuis le n\u00b0 I en 1922 jusqu\u2019au n\u00b0 65 en 2022<\/p>\n\n\n\n<p><strong><u>TOME I n\u00b0 1 &#8211; 1922<\/u><\/strong><\/p>\n\n\n\n<p>XXX&nbsp;&nbsp;&nbsp;&nbsp;&nbsp;&nbsp;&nbsp;&nbsp;&nbsp;&nbsp;&nbsp;&nbsp;&nbsp;&nbsp;&nbsp;&nbsp;&nbsp;&nbsp;&nbsp;&nbsp;&nbsp;&nbsp;&nbsp;&nbsp;&nbsp;&nbsp;&nbsp;&nbsp;&nbsp;&nbsp;&nbsp;&nbsp;&nbsp;&nbsp;&nbsp;&nbsp;&nbsp; Statuts de la Soci\u00e9t\u00e9 de Folklore N\u00e9au-Malmedy-Saint-Vith.<\/p>\n\n\n\n<p>J. BASTIN&nbsp;&nbsp;&nbsp;&nbsp;&nbsp;&nbsp;&nbsp;&nbsp;&nbsp;&nbsp;&nbsp;&nbsp;&nbsp;&nbsp;&nbsp;&nbsp;&nbsp;&nbsp;&nbsp;&nbsp;&nbsp;&nbsp;&nbsp;&nbsp;&nbsp;&nbsp;&nbsp;&nbsp; Les Plantes dans le parler, l\u2019histoire et les usages de la Wallonie<\/p>\n\n\n\n<p>&nbsp;&nbsp;&nbsp;&nbsp;&nbsp;&nbsp;&nbsp;&nbsp;&nbsp;&nbsp;&nbsp; &nbsp;&nbsp;&nbsp;&nbsp;&nbsp;&nbsp;&nbsp;&nbsp;&nbsp;&nbsp;&nbsp;&nbsp;&nbsp;&nbsp;&nbsp;&nbsp;&nbsp;&nbsp;&nbsp;&nbsp;&nbsp;&nbsp;&nbsp;&nbsp;&nbsp;&nbsp;&nbsp;&nbsp;&nbsp;&nbsp;&nbsp;&nbsp; malm\u00e9dienne (&nbsp;1\u00e8re partie&nbsp;).<\/p>\n\n\n\n<p>B. WILLEMS&nbsp;&nbsp;&nbsp;&nbsp;&nbsp;&nbsp;&nbsp;&nbsp;&nbsp;&nbsp;&nbsp;&nbsp;&nbsp;&nbsp;&nbsp;&nbsp;&nbsp;&nbsp;&nbsp;&nbsp;&nbsp;&nbsp;&nbsp;&nbsp;&nbsp; Die Grenzen der Abtei Stavelot-Malmedy (&nbsp;1\u00e8re partie&nbsp;).                       <em>(Les fronti\u00e8res de l&rsquo;Abbaye de Stavelot-Malmedy 1\u00e8re partie)<\/em><\/p>\n\n\n\n<p>Ch. DUBOIS&nbsp;&nbsp;&nbsp;&nbsp;&nbsp;&nbsp;&nbsp;&nbsp;&nbsp;&nbsp;&nbsp;&nbsp;&nbsp;&nbsp;&nbsp;&nbsp;&nbsp;&nbsp;&nbsp;&nbsp;&nbsp;&nbsp;&nbsp;&nbsp;&nbsp; La question de notre mus\u00e9e.<\/p>\n\n\n\n<p>J. LOUSBERG&nbsp;&nbsp;&nbsp;&nbsp;&nbsp;&nbsp;&nbsp;&nbsp;&nbsp;&nbsp;&nbsp;&nbsp;&nbsp;&nbsp;&nbsp;&nbsp;&nbsp;&nbsp;&nbsp;&nbsp;&nbsp;&nbsp; Die Sage von der Emmaburg.                                                                             <em>(La l\u00e9gende d&rsquo;Emmaburg)<\/em><\/p>\n\n\n\n<p>Lehrer CLOOT&nbsp;&nbsp;&nbsp;&nbsp;&nbsp;&nbsp;&nbsp;&nbsp;&nbsp;&nbsp;&nbsp;&nbsp;&nbsp;&nbsp;&nbsp;&nbsp;&nbsp;&nbsp;&nbsp;&nbsp;&nbsp;&nbsp; Die Runde, ein alter Reigentanz der Rechter Gegend.                         <em>(La ronde, une ancienne danse de la r\u00e9gion de Recht)<\/em><\/p>\n\n\n\n<p>J. HAUST&nbsp;&nbsp;&nbsp;&nbsp;&nbsp;&nbsp;&nbsp;&nbsp;&nbsp;&nbsp;&nbsp;&nbsp;&nbsp;&nbsp;&nbsp;&nbsp;&nbsp;&nbsp;&nbsp;&nbsp;&nbsp;&nbsp;&nbsp;&nbsp;&nbsp;&nbsp;&nbsp;&nbsp;&nbsp; \u00ab\u00a0H\u00e8stou\u00a0\u00bb, un vieux mot et un ancien usage \u00e0 Stavelot-Malmedy<\/p>\n\n\n\n<p>B. WILLEMS&nbsp;&nbsp;&nbsp;&nbsp;&nbsp;&nbsp;&nbsp;&nbsp;&nbsp;&nbsp;&nbsp;&nbsp;&nbsp;&nbsp;&nbsp;&nbsp;&nbsp;&nbsp;&nbsp;&nbsp;&nbsp;&nbsp;&nbsp;&nbsp;&nbsp; Die Namen unserer K\u00fche. <\/p>\n\n\n\n<p><em>(Les noms de nos vaches)<\/em><\/p>\n\n\n\n<p>C. DUBOIS&nbsp;&nbsp;&nbsp;&nbsp;&nbsp;&nbsp;&nbsp;&nbsp;&nbsp;&nbsp;&nbsp;&nbsp;&nbsp;&nbsp;&nbsp;&nbsp;&nbsp;&nbsp;&nbsp;&nbsp;&nbsp;&nbsp;&nbsp;&nbsp;&nbsp;&nbsp;&nbsp; Xhurdebise&nbsp;(&nbsp;la st\u00e8le&nbsp;)&nbsp;; Ch\u00f4des (&nbsp;une croix fun\u00e9raire&nbsp;).<\/p>\n\n\n\n<p>&nbsp;&nbsp;&nbsp;&nbsp;&nbsp;&nbsp;&nbsp;&nbsp;&nbsp;&nbsp;&nbsp;&nbsp;&nbsp;&nbsp;&nbsp;&nbsp;&nbsp;&nbsp;&nbsp;&nbsp;&nbsp;&nbsp;&nbsp;&nbsp;&nbsp;&nbsp;&nbsp;&nbsp;&nbsp;&nbsp;&nbsp;&nbsp;&nbsp;&nbsp;&nbsp;&nbsp;&nbsp;&nbsp;&nbsp;&nbsp;&nbsp;&nbsp;&nbsp;&nbsp;      Malmedy (&nbsp;Une toile de R\u00e9nastein&nbsp;)&nbsp;; Bullange ( des fouilles&nbsp;).<\/p>\n\n\n\n<p><strong><u>TOME I n\u00b0 2 &#8211; 1922<\/u><\/strong><\/p>\n\n\n\n<p>XXX&nbsp;&nbsp;&nbsp;&nbsp;&nbsp;&nbsp;&nbsp;&nbsp;&nbsp;&nbsp;&nbsp;&nbsp;&nbsp;&nbsp;&nbsp;&nbsp;&nbsp;&nbsp;&nbsp;&nbsp;&nbsp;&nbsp;&nbsp;&nbsp;&nbsp;&nbsp;&nbsp;&nbsp;&nbsp;&nbsp;&nbsp;&nbsp;&nbsp;&nbsp;&nbsp;&nbsp;&nbsp; Satzungen des Vereins f\u00fcr Volkskunde von Eupen, Malmedy und Sankt Vith.                 <\/p>\n\n\n\n<p><em>(Statuts de l&rsquo;Association pour le Folklore d&rsquo;Eupen, Malmedy et Saint Vith)<\/em><\/p>\n\n\n\n<p>J. FELLER&nbsp;&nbsp;&nbsp;&nbsp;&nbsp;&nbsp;&nbsp;&nbsp;&nbsp;&nbsp;&nbsp;&nbsp;&nbsp;&nbsp;&nbsp;&nbsp;&nbsp;&nbsp;&nbsp;&nbsp;&nbsp;&nbsp;&nbsp;&nbsp;&nbsp;&nbsp;&nbsp;&nbsp; Les Origines de Malmedy.<\/p>\n\n\n\n<p>J. BASTIN&nbsp;&nbsp;&nbsp;&nbsp;&nbsp;&nbsp;&nbsp;&nbsp;&nbsp;&nbsp;&nbsp;&nbsp;&nbsp;&nbsp;&nbsp;&nbsp;&nbsp;&nbsp;&nbsp;&nbsp;&nbsp;&nbsp;&nbsp;&nbsp;&nbsp;&nbsp;&nbsp;&nbsp; Les Plantes dans le parler, l\u2019histoire et les usages de la Wallonie<\/p>\n\n\n\n<p>&nbsp;&nbsp;&nbsp;&nbsp;&nbsp;&nbsp;&nbsp;&nbsp;&nbsp;&nbsp;&nbsp; &nbsp;&nbsp;&nbsp;&nbsp;&nbsp;&nbsp;&nbsp;&nbsp;&nbsp;&nbsp;&nbsp;&nbsp;&nbsp;&nbsp;&nbsp;&nbsp;&nbsp;&nbsp;&nbsp;&nbsp;&nbsp;&nbsp;&nbsp;&nbsp;&nbsp;&nbsp;&nbsp;&nbsp;&nbsp;&nbsp;&nbsp;&nbsp; malm\u00e9dienne (&nbsp;2\u00e8me partie&nbsp;).<\/p>\n\n\n\n<p>B. WILLEMS&nbsp;&nbsp;&nbsp;&nbsp;&nbsp;&nbsp;&nbsp;&nbsp;&nbsp;&nbsp;&nbsp;&nbsp;&nbsp;&nbsp;&nbsp;&nbsp;&nbsp;&nbsp;&nbsp;&nbsp;&nbsp;&nbsp;&nbsp; Die Grenzen der Abtei Stavelot-Malmedy (2\u00e8me partie)  <\/p>\n\n\n\n<p><em>(Les fronti\u00e8res de l&rsquo;Abbaye de Stavelot-Malmedy -2\u00e8me partie)<\/em><\/p>\n\n\n\n<p>J. LOUSBERG&nbsp;&nbsp;&nbsp;&nbsp;&nbsp;&nbsp;&nbsp;&nbsp;&nbsp;&nbsp;&nbsp;&nbsp;&nbsp;&nbsp;&nbsp;&nbsp;&nbsp;&nbsp;&nbsp;&nbsp;&nbsp;&nbsp; Bettlergestalten des Limburger Landes.   <\/p>\n\n\n\n<p><em>(Mendiants du pays de Limbourg.)<\/em><\/p>\n\n\n\n<p>J. BASTIN&nbsp;&nbsp;&nbsp;&nbsp;&nbsp;&nbsp;&nbsp;&nbsp;&nbsp;&nbsp;&nbsp;&nbsp;&nbsp;&nbsp;&nbsp;&nbsp;&nbsp;&nbsp;&nbsp;&nbsp;&nbsp;&nbsp;&nbsp;&nbsp;&nbsp;&nbsp;&nbsp;&nbsp; Toponymie \u00a0\u00bb&nbsp;G\u2019haster, Fagne du Th\u00e2, Pr\u00e9 Lap&nbsp;\u00ab\u00a0.<\/p>\n\n\n\n<p>P. GIRRETZ&nbsp;&nbsp;&nbsp;&nbsp;&nbsp;&nbsp;&nbsp;&nbsp;&nbsp;&nbsp;&nbsp;&nbsp;&nbsp;&nbsp;&nbsp;&nbsp;&nbsp;&nbsp;&nbsp;&nbsp;&nbsp;&nbsp;&nbsp;&nbsp;&nbsp; Das Junggeselllenrecht und andere Gebr\u00e4uche.   <\/p>\n\n\n\n<p><em>(Le droit de c\u00e9libataire et autres coutumes)<\/em><\/p>\n\n\n\n<p>E. LALOIRE&nbsp;&nbsp;&nbsp;&nbsp;&nbsp;&nbsp;&nbsp;&nbsp;&nbsp;&nbsp;&nbsp;&nbsp;&nbsp;&nbsp;&nbsp;&nbsp;&nbsp;&nbsp;&nbsp;&nbsp;&nbsp;&nbsp;&nbsp;&nbsp;&nbsp;&nbsp; Le carnaval \u00e0 Malmedy et les anciennes ordonnances des princes-abb\u00e9s.<\/p>\n\n\n\n<p>B. WILLEMS&nbsp;&nbsp;&nbsp;&nbsp;&nbsp;&nbsp;&nbsp;&nbsp;&nbsp;&nbsp;&nbsp;&nbsp;&nbsp;&nbsp;&nbsp;&nbsp;&nbsp;&nbsp;&nbsp;&nbsp;&nbsp;&nbsp;&nbsp;&nbsp;&nbsp; Gegen den Schlucken (&nbsp;le hoquet&nbsp;).                                                        <em>(Contre la d\u00e9glutition &#8211; le hoquet)<\/em><\/p>\n\n\n\n<p>J. BASTIN&nbsp;&nbsp;&nbsp;&nbsp;&nbsp;&nbsp;&nbsp;&nbsp;&nbsp;&nbsp;&nbsp;&nbsp;&nbsp;&nbsp;&nbsp;&nbsp;&nbsp;&nbsp;&nbsp;&nbsp;&nbsp;&nbsp;&nbsp;&nbsp;&nbsp;&nbsp;&nbsp;&nbsp; L\u2019sotai \u00e8t l\u2019dj\u00f4ne f\u00e8ye.<\/p>\n\n\n\n<p>C. DUBOIS&nbsp;&nbsp;&nbsp;&nbsp;&nbsp;&nbsp;&nbsp;&nbsp;&nbsp;&nbsp;&nbsp;&nbsp;&nbsp;&nbsp;&nbsp;&nbsp;&nbsp;&nbsp;&nbsp;&nbsp;&nbsp;&nbsp;&nbsp;&nbsp;&nbsp;&nbsp;&nbsp; Xhoffraix (&nbsp;un camp pr\u00e9historique&nbsp;)&nbsp;; Ondenval (&nbsp;fouilles&nbsp;)&nbsp;; Baugnez (&nbsp;un camp romain&nbsp;?&nbsp;)&nbsp;; Bullange (&nbsp;fouilles&nbsp;)&nbsp;; Faymonville (&nbsp;mines d\u2019or&nbsp;)&nbsp;;  Malmedy &nbsp;&nbsp;&nbsp;&nbsp;&nbsp;&nbsp;&nbsp;&nbsp;&nbsp;&nbsp;&nbsp;&nbsp;&nbsp;&nbsp;&nbsp;&nbsp;&nbsp;&nbsp;&nbsp;&nbsp;&nbsp;&nbsp;&nbsp; &nbsp; (&nbsp;le buste reliquaire de l\u2019ermitage&nbsp;).<\/p>\n\n\n\n<p><strong><u>TOME II n\u00b0 1 &#8211; 1923<\/u><\/strong><\/p>\n\n\n\n<p>J. BASTIN&nbsp;&nbsp;&nbsp;&nbsp;&nbsp;&nbsp;&nbsp;&nbsp;&nbsp;&nbsp;&nbsp;&nbsp;&nbsp;&nbsp;&nbsp;&nbsp;&nbsp;&nbsp;&nbsp;&nbsp;&nbsp;&nbsp;&nbsp;&nbsp;&nbsp;&nbsp;&nbsp;&nbsp; Les plantes dans le parler, l\u2019histoire et les usages de la Wallonie<\/p>\n\n\n\n<p>&nbsp;&nbsp;&nbsp;&nbsp;&nbsp;&nbsp;&nbsp;&nbsp;&nbsp;&nbsp;&nbsp; &nbsp;&nbsp;&nbsp;&nbsp;&nbsp;&nbsp;&nbsp;&nbsp;&nbsp;&nbsp;&nbsp;&nbsp;&nbsp;&nbsp;&nbsp;&nbsp;&nbsp;&nbsp;&nbsp;&nbsp;&nbsp;&nbsp;&nbsp;&nbsp;&nbsp;&nbsp;&nbsp;&nbsp;&nbsp;&nbsp;&nbsp;&nbsp; malm\u00e9dienne (&nbsp;3\u00e8me partie&nbsp;).<\/p>\n\n\n\n<p>J. LOUSBERG&nbsp;&nbsp;&nbsp;&nbsp;&nbsp;&nbsp;&nbsp;&nbsp;&nbsp;&nbsp;&nbsp;&nbsp;&nbsp;&nbsp;&nbsp;&nbsp;&nbsp;&nbsp;&nbsp;&nbsp;&nbsp;&nbsp; Wie eine Blutschuld ihre S\u00fchne fand.     <\/p>\n\n\n\n<p><em>(Comment une dette de sang trouvait son expiation)<\/em>&nbsp;&nbsp;&nbsp;&nbsp;&nbsp;&nbsp;<\/p>\n\n\n\n<p>F. TOUSSAINT&nbsp;&nbsp;&nbsp;&nbsp;&nbsp;&nbsp;&nbsp;&nbsp;&nbsp;&nbsp;&nbsp;&nbsp;&nbsp;&nbsp;&nbsp;&nbsp;&nbsp;&nbsp;&nbsp;&nbsp;&nbsp; Les derniers bergers.<\/p>\n\n\n\n<p>P.F. KREBSBACH&nbsp;&nbsp;&nbsp;&nbsp;&nbsp;&nbsp;&nbsp;&nbsp;&nbsp;&nbsp;&nbsp;&nbsp;&nbsp;&nbsp;&nbsp;&nbsp; Michelskirmess.   <\/p>\n\n\n\n<p><em>( La kermesse de la Saint Michel)<\/em><\/p>\n\n\n\n<p>Ch. DUBOIS&nbsp;&nbsp;&nbsp;&nbsp;&nbsp;&nbsp;&nbsp;&nbsp;&nbsp;&nbsp;&nbsp;&nbsp;&nbsp;&nbsp;&nbsp;&nbsp;&nbsp;&nbsp;&nbsp;&nbsp;&nbsp;&nbsp;&nbsp;&nbsp;&nbsp; L\u2019\u00e9cobuage en Ardenne.<\/p>\n\n\n\n<p>J. MICHA&nbsp;&nbsp;&nbsp;&nbsp;&nbsp;&nbsp;&nbsp;&nbsp;&nbsp;&nbsp;&nbsp;&nbsp;&nbsp;&nbsp;&nbsp;&nbsp;&nbsp;&nbsp;&nbsp;&nbsp;&nbsp;&nbsp;&nbsp;&nbsp;&nbsp;&nbsp;&nbsp;&nbsp;&nbsp; Einiges aus der Geologie des Distriktes Eupen.                           <em>(Quelques enseignements sur la g\u00e9ologie du district d&rsquo;Eupen)<\/em><\/p>\n\n\n\n<p>J. BASTIN&nbsp;&nbsp;&nbsp;&nbsp;&nbsp;&nbsp;&nbsp;&nbsp;&nbsp;&nbsp;&nbsp;&nbsp;&nbsp;&nbsp;&nbsp;&nbsp;&nbsp;&nbsp;&nbsp;&nbsp;&nbsp;&nbsp;&nbsp;&nbsp;&nbsp;&nbsp;&nbsp;&nbsp; Pask\u00e8ye do p&rsquo;tit S\u00e8rv\u00e2s.<\/p>\n\n\n\n<p>P. MARAITE&nbsp;&nbsp;&nbsp;&nbsp;&nbsp;&nbsp;&nbsp;&nbsp;&nbsp;&nbsp;&nbsp;&nbsp;&nbsp;&nbsp;&nbsp;&nbsp;&nbsp;&nbsp;&nbsp;&nbsp;&nbsp;&nbsp;&nbsp;&nbsp;&nbsp; Steckeser oder das Sauh\u00fcten.                                                              <em>(Steckeser &nbsp;ou l\u2018\u00e9levage de truies- sangliers)<\/em><\/p>\n\n\n\n<p>P. SCHMITZ&nbsp;&nbsp;&nbsp;&nbsp;&nbsp;&nbsp;&nbsp;&nbsp;&nbsp;&nbsp;&nbsp;&nbsp;&nbsp;&nbsp;&nbsp;&nbsp;&nbsp;&nbsp;&nbsp;&nbsp;&nbsp;&nbsp;&nbsp;&nbsp;&nbsp; Das Eupener Patrizierhaus.    <\/p>\n\n\n\n<p><em>(La maison patricienne d\u2018Eupen)<\/em><\/p>\n\n\n\n<p>C. DUBOIS&nbsp;&nbsp;&nbsp;&nbsp;&nbsp;&nbsp;&nbsp;&nbsp;&nbsp;&nbsp;&nbsp;&nbsp;&nbsp;&nbsp;&nbsp;&nbsp;&nbsp;&nbsp;&nbsp;&nbsp;&nbsp;&nbsp;&nbsp;&nbsp;&nbsp;&nbsp;&nbsp; Une d\u00e9couverte arch\u00e9ologique \u00e0 Malmedy.<\/p>\n\n\n\n<p><strong><u>TOME II n\u00b0 2 &#8211; 1923<\/u><\/strong><\/p>\n\n\n\n<p>H. BRAGARD&nbsp;&nbsp;&nbsp;&nbsp;&nbsp;&nbsp;&nbsp;&nbsp;&nbsp;&nbsp;&nbsp;&nbsp;&nbsp;&nbsp;&nbsp;&nbsp;&nbsp;&nbsp;&nbsp;&nbsp;&nbsp;&nbsp;&nbsp; La Saint Nicolas \u00e0 Malmedy, il y a 25 ans.<\/p>\n\n\n\n<p>L. SCHUMACHER&nbsp;&nbsp;&nbsp;&nbsp;&nbsp;&nbsp;&nbsp;&nbsp;&nbsp;&nbsp;&nbsp;&nbsp;&nbsp;&nbsp;&nbsp;&nbsp; Unsere Vogelwelt.                                                                                          <em>(Notre monde des oiseaux)<\/em><\/p>\n\n\n\n<p>BASTIN &amp; DUBOIS&nbsp;&nbsp;&nbsp;&nbsp;&nbsp;&nbsp;&nbsp;&nbsp;&nbsp;&nbsp;&nbsp;&nbsp;&nbsp;&nbsp;&nbsp; Chemins anciens et modernes \u00e0 travers les Fagnes.<\/p>\n\n\n\n<p>J. LOUSBERG&nbsp;&nbsp;&nbsp;&nbsp;&nbsp;&nbsp;&nbsp;&nbsp;&nbsp;&nbsp;&nbsp;&nbsp;&nbsp;&nbsp;&nbsp;&nbsp;&nbsp;&nbsp;&nbsp;&nbsp;&nbsp;&nbsp; Ein Original.                                                                                                                 <em>(Un original)<\/em><\/p>\n\n\n\n<p>Ch. DUBOIS&nbsp;&nbsp;&nbsp;&nbsp;&nbsp;&nbsp;&nbsp;&nbsp;&nbsp;&nbsp;&nbsp;&nbsp;&nbsp;&nbsp;&nbsp;&nbsp;&nbsp;&nbsp;&nbsp;&nbsp;&nbsp;&nbsp;&nbsp;&nbsp;&nbsp; Vieilles choses d\u2019Ardenne&nbsp;: le sureau.<\/p>\n\n\n\n<p>P. MARAITE&nbsp;&nbsp;&nbsp;&nbsp;&nbsp;&nbsp;&nbsp;&nbsp;&nbsp;&nbsp;&nbsp;&nbsp;&nbsp;&nbsp;&nbsp;&nbsp;&nbsp;&nbsp;&nbsp;&nbsp;&nbsp;&nbsp;&nbsp;&nbsp;&nbsp; Das Freien.                                                                                                                   <em>(En plein air)<\/em><\/p>\n\n\n\n<p>P. RENARD&nbsp;&nbsp;&nbsp;&nbsp;&nbsp;&nbsp;&nbsp;&nbsp;&nbsp;&nbsp;&nbsp;&nbsp;&nbsp;&nbsp;&nbsp;&nbsp;&nbsp;&nbsp;&nbsp;&nbsp;&nbsp;&nbsp;&nbsp;&nbsp;&nbsp;&nbsp; Un conte de ma grand-m\u00e8re.<\/p>\n\n\n\n<p>B. WILLEMS&nbsp;&nbsp;&nbsp;&nbsp;&nbsp;&nbsp;&nbsp;&nbsp;&nbsp;&nbsp;&nbsp;&nbsp;&nbsp;&nbsp;&nbsp;&nbsp;&nbsp;&nbsp;&nbsp;&nbsp;&nbsp;&nbsp;&nbsp;&nbsp;&nbsp; Aus der Vergangenheit St-Vith&rsquo;s.                                                           <em>(Depuis le pass\u00e9 de St-Vith)<\/em><\/p>\n\n\n\n<p>P. SCHMITZ&nbsp;&nbsp;&nbsp;&nbsp;&nbsp;&nbsp;&nbsp;&nbsp;&nbsp;&nbsp;&nbsp;&nbsp;&nbsp;&nbsp;&nbsp;&nbsp;&nbsp;&nbsp;&nbsp;&nbsp;&nbsp;&nbsp;&nbsp;&nbsp;&nbsp; Hubert Schiffer&nbsp;: Nachruf.                                                                                          <em>( N\u00e9crologie: Hubert Schiffer)<\/em><\/p>\n\n\n\n<p>P.F. KREBSBACH&nbsp;&nbsp;&nbsp;&nbsp;&nbsp;&nbsp;&nbsp;&nbsp;&nbsp;&nbsp;&nbsp;&nbsp;&nbsp;&nbsp;&nbsp;&nbsp; Ein alter Grenzstein Luxemburg-Stavelot.     <\/p>\n\n\n\n<p>(<em>Une ancienne borne fronti\u00e8re Luxembourg-Stavelot)<\/em><\/p>\n\n\n\n<p><strong><u>TOME III n\u00b0 1 &#8211; 1924<\/u><\/strong><\/p>\n\n\n\n<p>H. BRAGARD&nbsp;&nbsp;&nbsp;&nbsp;&nbsp;&nbsp;&nbsp;&nbsp;&nbsp;&nbsp;&nbsp;&nbsp;&nbsp;&nbsp;&nbsp;&nbsp;&nbsp;&nbsp;&nbsp;&nbsp;&nbsp;&nbsp;&nbsp; Haguette.<\/p>\n\n\n\n<p>B. WILLEMS&nbsp;&nbsp;&nbsp;&nbsp;&nbsp;&nbsp;&nbsp;&nbsp;&nbsp;&nbsp;&nbsp;&nbsp;&nbsp;&nbsp;&nbsp;&nbsp;&nbsp;&nbsp;&nbsp;&nbsp;&nbsp;&nbsp;&nbsp;&nbsp;&nbsp; Die Grenzen der Abtei Stavelot-Malmedy (&nbsp;3\u00e8me partie&nbsp;).              <em>(Les fronti\u00e8res de l&rsquo;Abbaye de Stavelot-Malmedy 3\u00e8me partie)<\/em><\/p>\n\n\n\n<p>J. BASTIN&nbsp;&nbsp;&nbsp;&nbsp;&nbsp;&nbsp;&nbsp;&nbsp;&nbsp;&nbsp;&nbsp;&nbsp;&nbsp;&nbsp;&nbsp;&nbsp;&nbsp;&nbsp;&nbsp;&nbsp;&nbsp;&nbsp;&nbsp;&nbsp;&nbsp;&nbsp;&nbsp;&nbsp; Les Plantes dans le parler, l\u2019histoire et les usages de la Wallonie<\/p>\n\n\n\n<p>&nbsp;&nbsp;&nbsp;&nbsp;&nbsp;&nbsp;&nbsp;&nbsp;&nbsp;&nbsp;&nbsp;&nbsp;&nbsp;&nbsp;&nbsp;&nbsp;&nbsp;&nbsp;&nbsp;&nbsp;&nbsp;&nbsp;&nbsp;&nbsp;&nbsp;&nbsp;&nbsp;&nbsp;&nbsp;&nbsp;&nbsp;&nbsp;&nbsp;&nbsp;&nbsp;&nbsp;&nbsp;&nbsp;&nbsp;&nbsp;&nbsp;&nbsp;&nbsp;&nbsp; &nbsp;malm\u00e9dienne (&nbsp;4\u00e8me partie&nbsp;).<\/p>\n\n\n\n<p>J. LOUSBERG&nbsp;&nbsp;&nbsp;&nbsp;&nbsp;&nbsp;&nbsp;&nbsp;&nbsp;&nbsp;&nbsp;&nbsp;&nbsp;&nbsp;&nbsp;&nbsp;&nbsp;&nbsp;&nbsp;&nbsp;&nbsp;&nbsp; Verschwundene Schl\u00f6sser.                                                                  <em>(Ch\u00e2teaux disparus)<\/em><\/p>\n\n\n\n<p>J. BASTIN&nbsp;&nbsp;&nbsp;&nbsp;&nbsp;&nbsp;&nbsp;&nbsp;&nbsp;&nbsp;&nbsp;&nbsp;&nbsp;&nbsp;&nbsp;&nbsp;&nbsp;&nbsp;&nbsp;&nbsp;&nbsp;&nbsp;&nbsp;&nbsp;&nbsp;&nbsp;&nbsp;&nbsp;    Notice historique sur le commune de Bellevaux-Ligneuville<\/p>\n\n\n\n<p>P. KREBSBACH&nbsp;&nbsp;&nbsp;&nbsp;&nbsp;&nbsp;&nbsp;&nbsp;&nbsp;&nbsp;&nbsp;&nbsp;&nbsp;&nbsp;&nbsp;&nbsp;&nbsp;&nbsp;&nbsp;Torfstechen im Venn.                                                                                     <em>(Extraction de la tourbe en Fagne)<\/em><\/p>\n\n\n\n<p>H. CUNIBERT&nbsp;&nbsp;&nbsp;&nbsp;&nbsp;&nbsp;&nbsp;&nbsp;&nbsp;&nbsp;&nbsp;&nbsp;&nbsp;&nbsp;&nbsp;&nbsp;&nbsp;&nbsp;&nbsp;&nbsp;&nbsp;&nbsp; Le Ch\u00e2teau de Falize et son ch\u00e2telain.<\/p>\n\n\n\n<p>B. WILLEMS&nbsp;&nbsp;&nbsp;&nbsp;&nbsp;&nbsp;&nbsp;&nbsp;&nbsp;&nbsp;&nbsp;&nbsp;&nbsp;&nbsp;&nbsp;&nbsp;&nbsp;&nbsp;&nbsp;&nbsp;&nbsp;&nbsp;&nbsp;&nbsp;&nbsp; Gespenster in und um B\u00fctgenbach.                                                <em>(Fant\u00f4mes dans et autour de Butgenbach)<\/em><\/p>\n\n\n\n<p>N. PIETKIN&nbsp;&nbsp;&nbsp;&nbsp;&nbsp;&nbsp;&nbsp;&nbsp;&nbsp;&nbsp;&nbsp;&nbsp;&nbsp;&nbsp;&nbsp;&nbsp;&nbsp;&nbsp;&nbsp;&nbsp;&nbsp;&nbsp;&nbsp;&nbsp;&nbsp;&nbsp;  Miettes de Folklore&nbsp;: les croix des chemins&nbsp;; le service des pompiers de Malmedy&nbsp;; Cr\u00e2mignon&nbsp;; pasqu\u00e8ye do v\u00ee Gnoufgnouf.<\/p>\n\n\n\n<p>B. WILLEMS&nbsp;&nbsp;&nbsp;&nbsp;&nbsp;&nbsp;&nbsp;&nbsp;&nbsp;&nbsp;&nbsp;&nbsp;&nbsp;&nbsp;&nbsp;&nbsp;&nbsp;&nbsp;&nbsp;&nbsp;&nbsp;&nbsp;&nbsp;&nbsp;&nbsp; Das Beckmann&rsquo;sche Haus in Malmedy.                                                        <em>(La maison Beckmann \u00e0 Malmedy)<\/em><\/p>\n\n\n\n<p>M. BENZERATH&nbsp;&nbsp;&nbsp;&nbsp;&nbsp;&nbsp;&nbsp;&nbsp;&nbsp;&nbsp;&nbsp;&nbsp;&nbsp;&nbsp;&nbsp;&nbsp;&nbsp;&nbsp;&nbsp; Schema eines Tumulus oder Grabh\u00fcgels aus der Keltenzeit.          <em>(Sch\u00e9ma d&rsquo;un tumulus ou tertre fun\u00e9raire de l&rsquo;\u00e9poque celtique)<\/em><\/p>\n\n\n\n<p>J. BASTIN&nbsp;&nbsp;&nbsp;&nbsp;&nbsp;&nbsp;&nbsp;&nbsp;&nbsp;&nbsp;&nbsp;&nbsp;&nbsp;&nbsp;&nbsp;&nbsp;&nbsp;&nbsp;&nbsp;&nbsp;&nbsp;&nbsp;&nbsp;&nbsp;&nbsp;&nbsp;&nbsp;&nbsp;     Pour servir \u00e0 l&rsquo; histoire des cloches au pays de Malmedy.<\/p>\n\n\n\n<p><strong><u>TOME III n\u00b0 2 &#8211; 1924<\/u><\/strong><\/p>\n\n\n\n<p>H. BRAGARD&nbsp;&nbsp;&nbsp;&nbsp;&nbsp;&nbsp;&nbsp;&nbsp;&nbsp;&nbsp;&nbsp;&nbsp;&nbsp;&nbsp;&nbsp;&nbsp;&nbsp;&nbsp;&nbsp;&nbsp;&nbsp;&nbsp;&nbsp; H\u00e2rlikin.<\/p>\n\n\n\n<p>H. BRAGARD&nbsp;&nbsp;&nbsp;&nbsp;&nbsp;&nbsp;&nbsp;&nbsp;&nbsp;&nbsp;&nbsp;&nbsp;&nbsp;&nbsp;&nbsp;&nbsp;&nbsp;&nbsp;&nbsp;&nbsp;&nbsp;&nbsp;&nbsp; Djoups\u00e8ne, Mar\u00e8ie-Dro\u00fbse, Sottai.<\/p>\n\n\n\n<p>J. LOUSBERG&nbsp;&nbsp;&nbsp;&nbsp;&nbsp;&nbsp;&nbsp;&nbsp;&nbsp;&nbsp;&nbsp;&nbsp;&nbsp;&nbsp;&nbsp;&nbsp;&nbsp;&nbsp;&nbsp;&nbsp;&nbsp;&nbsp; Der Raubritter von Schimpenburg.                                                                 <em>(Le baron voleur de Schimpenburg)<\/em>&nbsp;&nbsp;&nbsp;&nbsp;&nbsp;&nbsp;&nbsp;&nbsp;<\/p>\n\n\n\n<p>F. TOUSSAINT&nbsp;&nbsp;&nbsp;&nbsp;&nbsp;&nbsp;&nbsp;&nbsp;&nbsp;&nbsp;&nbsp;&nbsp;&nbsp;&nbsp;&nbsp;&nbsp;&nbsp;&nbsp;&nbsp;&nbsp;&nbsp; L\u2019\u00e9mancipation au XVI\u00e8me si\u00e8cle.<\/p>\n\n\n\n<p>P. KREBSBACH&nbsp;&nbsp;&nbsp;&nbsp;&nbsp;&nbsp;&nbsp;&nbsp;&nbsp;&nbsp;&nbsp;&nbsp;&nbsp;&nbsp;&nbsp;&nbsp;&nbsp;&nbsp;&nbsp; Der Schatz am \u00a0\u00bb&nbsp;Gr\u00fcnen Kloster&nbsp;\u00ab\u00a0.                                                                  <em>(Le tr\u00e9sor au Gr\u00fcnen Kloster<\/em>)<\/p>\n\n\n\n<p>H. CUNIBERT&nbsp;&nbsp;&nbsp;&nbsp;&nbsp;&nbsp;&nbsp;&nbsp;&nbsp;&nbsp;&nbsp;&nbsp;&nbsp;&nbsp;&nbsp;&nbsp;&nbsp;&nbsp;&nbsp;&nbsp;&nbsp;&nbsp; Commune de Bellevaux<\/p>\n\n\n\n<p>J. HERTMANNI&nbsp;&nbsp;&nbsp;&nbsp;&nbsp;&nbsp;&nbsp;&nbsp;&nbsp;&nbsp;&nbsp;&nbsp;&nbsp;&nbsp;&nbsp;&nbsp;&nbsp;&nbsp;&nbsp;&nbsp; Geschichtliche Mitteilungen \u00fcber den St-Vither Junggesellenverein.       <em>(Informations historiques sur la soci\u00e9t\u00e9 des c\u00e9libataires de St-Vith)<\/em><\/p>\n\n\n\n<p>X. LALOIRE&nbsp;&nbsp;&nbsp;&nbsp;&nbsp;&nbsp;&nbsp;&nbsp;&nbsp;&nbsp;&nbsp;&nbsp;&nbsp;&nbsp;&nbsp;&nbsp;&nbsp;&nbsp;&nbsp;&nbsp;&nbsp;&nbsp;&nbsp;&nbsp;&nbsp;&nbsp; La Joyeuse.<\/p>\n\n\n\n<p>J. BASTIN&nbsp;&nbsp;&nbsp;&nbsp;&nbsp;&nbsp;&nbsp;&nbsp;&nbsp;&nbsp;&nbsp;&nbsp;&nbsp;&nbsp;&nbsp;&nbsp;&nbsp;&nbsp;&nbsp;&nbsp;&nbsp;&nbsp;&nbsp;&nbsp;&nbsp;&nbsp;&nbsp;   &nbsp; Notices historiques de la Commune de Faymonville<\/p>\n\n\n\n<p>H. BRAGARD&nbsp;&nbsp;&nbsp;&nbsp;&nbsp;&nbsp;&nbsp;&nbsp;&nbsp;&nbsp;&nbsp;&nbsp;&nbsp;&nbsp;&nbsp;&nbsp;&nbsp;&nbsp;&nbsp;&nbsp;&nbsp;&nbsp;  Les Croyances.<\/p>\n\n\n\n<p>H. BRAGARD&nbsp;&nbsp;&nbsp;&nbsp;&nbsp;&nbsp;&nbsp;&nbsp;&nbsp;&nbsp;&nbsp;&nbsp;&nbsp;&nbsp;&nbsp;&nbsp;&nbsp;&nbsp;&nbsp;&nbsp;&nbsp;&nbsp;&nbsp; Sorcellerie et Sortil\u00e8ges.<\/p>\n\n\n\n<p>L.E.&nbsp;&nbsp;&nbsp;&nbsp;&nbsp;&nbsp;&nbsp;&nbsp;&nbsp;&nbsp;&nbsp;&nbsp;&nbsp;&nbsp;&nbsp;&nbsp;&nbsp;&nbsp;&nbsp;&nbsp;&nbsp;&nbsp;&nbsp;&nbsp;&nbsp;&nbsp;&nbsp;&nbsp;&nbsp;&nbsp;&nbsp;&nbsp;&nbsp;&nbsp;&nbsp;&nbsp;&nbsp;&nbsp;       Aus der Vergangenheit Walhorns.                                                                         <em>(Du pass\u00e9 de Walhorn)<\/em><\/p>\n\n\n\n<p><strong><u>TOME IV n\u00b01 &#8211; 1925<\/u><\/strong><\/p>\n\n\n\n<p>&nbsp;&nbsp;&nbsp;&nbsp;&nbsp;&nbsp;&nbsp;&nbsp;&nbsp;&nbsp;&nbsp;&nbsp;&nbsp;&nbsp;&nbsp;&nbsp;&nbsp;&nbsp;&nbsp;&nbsp;&nbsp;&nbsp;&nbsp;&nbsp; &nbsp;&nbsp;&nbsp;&nbsp;&nbsp;&nbsp;&nbsp;&nbsp;&nbsp;&nbsp;&nbsp;&nbsp;&nbsp;&nbsp;&nbsp;&nbsp;&nbsp;&nbsp;&nbsp;&nbsp;&nbsp;&nbsp;&nbsp;&nbsp;&nbsp;&nbsp;&nbsp;&nbsp;&nbsp;&nbsp;&nbsp;&nbsp;&nbsp;&nbsp;<\/p>\n\n\n\n<p>J. VANNERUS et&nbsp;&nbsp;&nbsp; J. BASTIN&nbsp;&nbsp;&nbsp;&nbsp;&nbsp;&nbsp; L\u2019origine de Reinhardstein.<\/p>\n\n\n\n<p>A. SCHULZEN&nbsp;&nbsp;&nbsp;&nbsp;&nbsp;&nbsp;&nbsp;&nbsp;&nbsp;&nbsp;&nbsp;&nbsp;&nbsp;&nbsp;&nbsp;&nbsp;&nbsp;&nbsp;&nbsp;&nbsp;&nbsp;&nbsp; Transportverh\u00e4ltnisse in fr\u00fcherer Zeit.                                          <em>(Conditions de transport autrefois)<\/em><\/p>\n\n\n\n<p>H. CUNIBERT&nbsp;&nbsp;&nbsp;&nbsp;&nbsp;&nbsp;&nbsp;&nbsp;&nbsp;&nbsp;&nbsp;&nbsp;&nbsp;&nbsp;&nbsp;&nbsp;&nbsp;&nbsp;&nbsp;&nbsp;&nbsp;&nbsp; Folklore de Bellevaux.<\/p>\n\n\n\n<p>J. BASTIN&nbsp;&nbsp;&nbsp;&nbsp;&nbsp;&nbsp;&nbsp;&nbsp;&nbsp;&nbsp;&nbsp;&nbsp;&nbsp;&nbsp;&nbsp;&nbsp;&nbsp;&nbsp;&nbsp;&nbsp;&nbsp;&nbsp;&nbsp;&nbsp;&nbsp;&nbsp;&nbsp;&nbsp;   Notes pour servir \u00e0 l\u2019histoire de Saint-Vith.<\/p>\n\n\n\n<p>T. CREMER&nbsp;&nbsp;&nbsp;&nbsp;&nbsp;&nbsp;&nbsp;&nbsp;&nbsp;&nbsp;&nbsp;&nbsp;&nbsp;&nbsp;&nbsp;&nbsp;&nbsp;&nbsp;&nbsp;&nbsp;&nbsp;&nbsp;&nbsp;&nbsp;&nbsp;    Kirchliche Zugeh\u00f6rigkeit von Emmels, Wallerode, Heuem, Atzerath und&nbsp;H\u00fcnningen.   <\/p>\n\n\n\n<p><em>(D\u00e9pendance eccl\u00e9siastique des localit\u00e9s d\u2018Emmels, Wallerode, Heuem, Atzerath et<\/em> <em>&nbsp;&nbsp;&nbsp;&nbsp;&nbsp;&nbsp;&nbsp;&nbsp;&nbsp; H\u00fcnningen)<\/em><\/p>\n\n\n\n<p>F.TOUSSAINT&nbsp;&nbsp;&nbsp;&nbsp;&nbsp;&nbsp;&nbsp;&nbsp;&nbsp;&nbsp;&nbsp;&nbsp;&nbsp;&nbsp;&nbsp;&nbsp;&nbsp;&nbsp;&nbsp;&nbsp;&nbsp;&nbsp; L\u00e9gende sur l&rsquo;origine de l&rsquo;\u00e9glise de Waimes.<\/p>\n\n\n\n<p>J. BASTIN&nbsp;&nbsp;&nbsp;&nbsp;&nbsp;&nbsp;&nbsp;&nbsp;&nbsp;&nbsp;&nbsp;&nbsp;&nbsp;&nbsp;&nbsp;&nbsp;&nbsp;&nbsp;&nbsp;&nbsp;&nbsp;&nbsp;&nbsp;&nbsp;&nbsp;&nbsp;&nbsp;&nbsp;  Vieux documents du pays de Malmedy. (1) Accord entre le pr\u00eatre de Belv\u00e2 et ses paroissiens.<\/p>\n\n\n\n<p>J. BASTIN&nbsp;&nbsp;&nbsp;&nbsp;&nbsp;&nbsp;&nbsp;&nbsp;&nbsp;&nbsp;&nbsp;&nbsp;&nbsp;&nbsp;&nbsp;&nbsp;&nbsp;&nbsp;&nbsp;&nbsp;&nbsp;&nbsp;&nbsp;&nbsp;&nbsp;&nbsp;&nbsp;&nbsp;  Lu gros Piou &#8211; Cramigon.<\/p>\n\n\n\n<p>B. WILLEMS&nbsp;&nbsp;&nbsp;&nbsp;&nbsp;&nbsp;&nbsp;&nbsp;&nbsp;&nbsp;&nbsp;&nbsp;&nbsp;&nbsp;&nbsp;&nbsp;&nbsp;&nbsp;&nbsp;&nbsp;&nbsp;&nbsp;&nbsp;&nbsp; D\u00e9couvertes arch\u00e9ologiques dans le val du Kolvenderbach.<\/p>\n\n\n\n<p>B. WILLEMS&nbsp;&nbsp;&nbsp;&nbsp;&nbsp;&nbsp;&nbsp;&nbsp;&nbsp;&nbsp;&nbsp;&nbsp;&nbsp;&nbsp;&nbsp;&nbsp;&nbsp;&nbsp;&nbsp;&nbsp;&nbsp;&nbsp;&nbsp;&nbsp;&nbsp; La villa romaine de Montenau.<\/p>\n\n\n\n<p>H. CUNIBERT&nbsp;&nbsp;&nbsp;&nbsp;&nbsp;&nbsp;&nbsp;&nbsp;&nbsp;&nbsp;&nbsp;&nbsp;&nbsp;&nbsp;&nbsp;&nbsp;&nbsp;&nbsp;&nbsp;&nbsp;&nbsp;&nbsp; Vieille inscription (&nbsp;\u00e0 Warche&nbsp;).<\/p>\n\n\n\n<p><strong><u>TOME IV n\u00b0 2 &#8211; 1925<\/u><\/strong><\/p>\n\n\n\n<p>H. BRAGARD&nbsp;&nbsp;&nbsp;&nbsp;&nbsp;&nbsp;&nbsp;&nbsp;&nbsp;&nbsp;&nbsp;&nbsp;&nbsp;&nbsp;&nbsp;&nbsp;&nbsp;&nbsp;&nbsp;&nbsp;&nbsp;&nbsp;&nbsp; Roy\u00e8ne des Bois.<\/p>\n\n\n\n<p>L. A. PONCIN&nbsp;&nbsp;&nbsp;&nbsp;&nbsp;&nbsp;&nbsp;&nbsp;&nbsp;&nbsp;&nbsp;&nbsp;&nbsp;&nbsp;&nbsp;&nbsp;&nbsp;&nbsp;&nbsp;&nbsp;&nbsp;&nbsp;&nbsp; Beitrag zu den Ausgrabungen der Villa Romana in Montenau.            <em>(Contribution aux fouilles de la Villa Romaine \u00e0 Montenau)<\/em><\/p>\n\n\n\n<p>J. LOUSBERG&nbsp;&nbsp;&nbsp;&nbsp;&nbsp;&nbsp;&nbsp;&nbsp;&nbsp;&nbsp;&nbsp;&nbsp;&nbsp;&nbsp;&nbsp;&nbsp;&nbsp;&nbsp;&nbsp;&nbsp;&nbsp;&nbsp; Die Bleyberger Heinzelm\u00e4nnchen.                                                                <em>(Les lutins de Bleyberger)<\/em><\/p>\n\n\n\n<p>Ch. DUBOIS&nbsp;&nbsp;&nbsp;&nbsp;&nbsp;&nbsp;&nbsp;&nbsp;&nbsp;&nbsp;&nbsp;&nbsp;&nbsp;&nbsp;&nbsp;&nbsp;&nbsp;&nbsp;&nbsp;&nbsp;&nbsp;&nbsp;&nbsp;&nbsp;&nbsp; Castram\u00e9tation antique dans les cantons de Malmedy et St-Vith.<\/p>\n\n\n\n<p>A.J. MATHIEUX&nbsp;&nbsp;&nbsp;&nbsp;&nbsp;&nbsp;&nbsp;&nbsp;&nbsp;&nbsp;&nbsp;&nbsp;&nbsp;&nbsp;&nbsp;&nbsp;&nbsp;&nbsp;&nbsp;&nbsp; Censes de bapt\u00eame.<\/p>\n\n\n\n<p>J. LOUSBERG&nbsp;&nbsp;&nbsp;&nbsp;&nbsp;&nbsp;&nbsp;&nbsp;&nbsp;&nbsp;&nbsp;&nbsp;&nbsp;&nbsp;&nbsp;&nbsp;&nbsp;&nbsp;&nbsp;&nbsp;&nbsp;&nbsp; Weihnachtstabend.            <em>                                                                                     (Le r\u00e9veillon de No\u00ebl)<\/em><\/p>\n\n\n\n<p><strong><u>TOME V n\u00b0 1 &#8211; 1927<\/u><\/strong><\/p>\n\n\n\n<p>M. MARECHAL&nbsp;&nbsp;&nbsp;&nbsp;&nbsp;&nbsp;&nbsp;&nbsp;&nbsp;&nbsp;&nbsp;&nbsp;&nbsp;&nbsp;&nbsp;&nbsp;&nbsp;&nbsp;&nbsp;&nbsp;&nbsp; Fa\u00e7ades \u00e0 rev\u00eatements d\u2019ardoises \u00e0 Malm\u00e9dy.<\/p>\n\n\n\n<p>B. WILLEMS&nbsp;&nbsp;&nbsp;&nbsp;&nbsp;&nbsp;&nbsp;&nbsp;&nbsp;&nbsp;&nbsp;&nbsp;&nbsp;&nbsp;&nbsp;&nbsp;&nbsp;&nbsp;&nbsp;&nbsp;&nbsp;&nbsp;&nbsp;&nbsp;&nbsp; Philipp Feltz u. Johannes Dahm, zwei um die Stadt Sankt Vith verdiente  &nbsp;M\u00e4nner.                                                                                                                                            <em>(Philipp Feltz et Johannes Dahm, deux hommes au service de la ville de Sankt Vith)<\/em><\/p>\n\n\n\n<p>B. WILLEMS&nbsp;&nbsp;&nbsp;&nbsp;&nbsp;&nbsp;&nbsp;&nbsp;&nbsp;&nbsp;&nbsp;&nbsp;&nbsp;&nbsp;&nbsp;&nbsp;&nbsp;&nbsp;&nbsp;&nbsp;&nbsp;&nbsp;&nbsp;&nbsp;&nbsp; Die besessene Jungfer von Genten.                                                              <em>(La servante  poss\u00e9d\u00e9e de Genten)<\/em><\/p>\n\n\n\n<p>J. BASTIN&nbsp;&nbsp;&nbsp;&nbsp;&nbsp;&nbsp;&nbsp;&nbsp;&nbsp;&nbsp;&nbsp;&nbsp;&nbsp;&nbsp;&nbsp;&nbsp;&nbsp;&nbsp;&nbsp;&nbsp;&nbsp;&nbsp;&nbsp;&nbsp;&nbsp;&nbsp;&nbsp;&nbsp; Moeurs d&rsquo;autrefois&nbsp;: une bataille dans l\u2019\u00e9glise de Malmedy en 1307&nbsp;; la mari\u00e9e de la Saint-Pierre&nbsp;; comment on brimbalait \u00e0 la Toussaint&nbsp;; la muraille de St-G\u00e9r\u00e9on&nbsp;; comment on traitait les voleurs&nbsp;; les fr\u00e8res Renard.<\/p>\n\n\n\n<p>F. TOUSSAINT&nbsp;&nbsp;&nbsp;&nbsp;&nbsp;&nbsp;&nbsp;&nbsp;&nbsp;&nbsp;&nbsp;&nbsp;&nbsp;&nbsp;&nbsp;&nbsp;&nbsp;&nbsp;&nbsp;&nbsp;&nbsp; Pour servir \u00e0 l&rsquo; histoire de Reinhardstein.<\/p>\n\n\n\n<p><strong><u>TOME V n\u00b0 2 &#8211; 1927<\/u><\/strong><\/p>\n\n\n\n<p>J. BASTIN&nbsp;&nbsp;&nbsp;&nbsp;&nbsp;&nbsp;&nbsp;&nbsp;&nbsp;&nbsp;&nbsp;&nbsp;&nbsp;&nbsp;&nbsp;&nbsp;&nbsp;&nbsp;&nbsp;&nbsp;&nbsp;&nbsp;&nbsp;&nbsp;&nbsp;&nbsp;&nbsp;&nbsp; Les plantes dans le parler, l&rsquo; histoire et les usages de la Wallonie<\/p>\n\n\n\n<p>&nbsp;&nbsp;&nbsp;&nbsp;&nbsp;&nbsp;&nbsp;&nbsp;&nbsp;&nbsp;&nbsp;&nbsp;&nbsp;&nbsp;&nbsp;&nbsp;&nbsp;&nbsp;&nbsp;&nbsp;&nbsp;&nbsp;&nbsp;&nbsp;&nbsp;&nbsp;&nbsp;&nbsp;&nbsp;&nbsp;&nbsp;&nbsp;&nbsp;&nbsp;&nbsp;&nbsp;&nbsp;&nbsp;&nbsp;&nbsp;&nbsp;&nbsp;&nbsp;&nbsp; &nbsp;malm\u00e9dienne (&nbsp;5\u00e8me partie&nbsp;).<\/p>\n\n\n\n<p>H. KEUFGENS&nbsp;&nbsp;&nbsp;&nbsp;&nbsp;&nbsp;&nbsp;&nbsp;&nbsp;&nbsp;&nbsp;&nbsp;&nbsp;&nbsp;&nbsp;&nbsp;&nbsp;&nbsp;&nbsp;&nbsp;&nbsp; Wie um die Mitte des 17. Jahrhunderts im Wolfsbusch beinahe eine &nbsp;Marienkapelle erstanden w\u00e4re.      <em>(Comment une chapelle d\u00e9di\u00e9e \u00e0 Marie a presque vu le jour au Wolfsbusch vers le<\/em> <em>milieu du 17\u00e8me si\u00e8cle.)<\/em><\/p>\n\n\n\n<p>B. WILLEMS&nbsp;&nbsp;&nbsp;&nbsp;&nbsp;&nbsp;&nbsp;&nbsp;&nbsp;&nbsp;&nbsp;&nbsp;&nbsp;&nbsp;&nbsp;&nbsp;&nbsp;&nbsp;&nbsp;&nbsp;&nbsp;&nbsp;&nbsp;&nbsp;&nbsp; Landeshoheit und Grundherrschaft im Gebiete der alten Herrschaften  B\u00fctgenbach und Sankt-Vith.                                                                            <em>(Souverainet\u00e9 et r\u00e8gle seigneuriale  dans le domaine des anciennes seigneuries de Butgenbach et Saint-Vith.)<\/em><\/p>\n\n\n\n<p>M. GRAINDOR&nbsp;&nbsp;&nbsp;&nbsp;&nbsp;&nbsp;&nbsp;&nbsp;&nbsp;&nbsp;&nbsp;&nbsp;&nbsp;&nbsp;&nbsp;&nbsp;&nbsp;&nbsp;L\u00e9gendes de la Vaulx-Renard.<\/p>\n\n\n\n<p>J. BASTIN&nbsp;&nbsp;&nbsp;&nbsp;&nbsp;&nbsp;&nbsp;&nbsp;&nbsp;&nbsp;&nbsp;&nbsp;&nbsp;&nbsp;&nbsp;&nbsp;&nbsp;&nbsp;&nbsp;&nbsp;&nbsp;&nbsp;&nbsp;&nbsp;&nbsp;&nbsp;&nbsp;&nbsp; Usages et usagers de la fagne wallonne \u00e0 Sourbrodt.<\/p>\n\n\n\n<p>L. DREES&nbsp;&nbsp;&nbsp;&nbsp;&nbsp;&nbsp;&nbsp;&nbsp;&nbsp;&nbsp;&nbsp;&nbsp;&nbsp;&nbsp;&nbsp;&nbsp;&nbsp;&nbsp;&nbsp;&nbsp;&nbsp;&nbsp;&nbsp;&nbsp;&nbsp;&nbsp;&nbsp;&nbsp;&nbsp; Die Neundorfer Kirche.                                                                                  <em>(L\u2019\u00e9glise de Neundorf)<\/em><\/p>\n\n\n\n<p>J.V.&nbsp;&nbsp;&nbsp;&nbsp;&nbsp;&nbsp;&nbsp;&nbsp;&nbsp;&nbsp;&nbsp;&nbsp;&nbsp;&nbsp;&nbsp;&nbsp;&nbsp;&nbsp;&nbsp;&nbsp;&nbsp;&nbsp;&nbsp;&nbsp;&nbsp;&nbsp;&nbsp;&nbsp;&nbsp;&nbsp;&nbsp;&nbsp;&nbsp;&nbsp;&nbsp;&nbsp;&nbsp;&nbsp;    A propos de Jean Dahm, mayeur de Saint-Vith.<\/p>\n\n\n\n<p><strong><u>TOME VI &#8211; 1936<\/u><\/strong><\/p>\n\n\n\n<p>J. BASTIN&nbsp;&nbsp;&nbsp;&nbsp;&nbsp;&nbsp;&nbsp;&nbsp;&nbsp;&nbsp;&nbsp;&nbsp;&nbsp;&nbsp;&nbsp;&nbsp;&nbsp;&nbsp;&nbsp;&nbsp;&nbsp;&nbsp;&nbsp;&nbsp;&nbsp;&nbsp;&nbsp;&nbsp; Les Plantes dans le parler, l&rsquo; histoire et les usages de la Wallonie<\/p>\n\n\n\n<p>&nbsp;&nbsp;&nbsp;&nbsp;&nbsp;&nbsp;&nbsp;&nbsp;&nbsp;&nbsp;&nbsp;&nbsp;&nbsp;&nbsp;&nbsp;&nbsp;&nbsp;&nbsp;&nbsp;&nbsp;&nbsp;&nbsp;&nbsp;&nbsp;&nbsp;&nbsp;&nbsp;&nbsp;&nbsp;&nbsp;&nbsp;&nbsp;&nbsp;&nbsp;&nbsp;&nbsp;&nbsp;&nbsp;&nbsp;&nbsp;&nbsp;&nbsp;&nbsp;&nbsp; &nbsp;malm\u00e9dienne (&nbsp;6\u00e8me partie&nbsp;).<\/p>\n\n\n\n<p>J. HERBILLON&nbsp;&nbsp;&nbsp;&nbsp;&nbsp;&nbsp;&nbsp;&nbsp;&nbsp;&nbsp;&nbsp;&nbsp;&nbsp;&nbsp;&nbsp;&nbsp;&nbsp;&nbsp;&nbsp;&nbsp;&nbsp; La Tchinroue ou Cheminrue.<\/p>\n\n\n\n<p>F. TOUSSAINT&nbsp;&nbsp;&nbsp;&nbsp;&nbsp;&nbsp;&nbsp;&nbsp;&nbsp;&nbsp;&nbsp;&nbsp;&nbsp;&nbsp;&nbsp;&nbsp;&nbsp;&nbsp;&nbsp;&nbsp;&nbsp;Jeux et refrains d&rsquo;autrefois.<\/p>\n\n\n\n<p>G. JARBINET&nbsp;&nbsp;&nbsp;&nbsp;&nbsp;&nbsp;&nbsp;&nbsp;&nbsp;&nbsp;&nbsp;&nbsp;&nbsp;&nbsp;&nbsp;&nbsp;&nbsp;&nbsp;&nbsp;&nbsp;&nbsp;&nbsp;&nbsp; Un philosophe \u00e0 Stavelot et Malmedy au 17\u00e8me si\u00e8cle.<\/p>\n\n\n\n<p>J. ANTOINE&nbsp;&nbsp;&nbsp;&nbsp;&nbsp;&nbsp;&nbsp;&nbsp;&nbsp;&nbsp;&nbsp;&nbsp;&nbsp;&nbsp;&nbsp;&nbsp;&nbsp;&nbsp;&nbsp;&nbsp;&nbsp;&nbsp;&nbsp;&nbsp;&nbsp; Histoires de loups v\u00e9cues et racont\u00e9es par nos anc\u00eatres.<\/p>\n\n\n\n<p>B. WILLEMS&nbsp;&nbsp;&nbsp;&nbsp;&nbsp;&nbsp;&nbsp;&nbsp;&nbsp;&nbsp;&nbsp;&nbsp;&nbsp;&nbsp;&nbsp;&nbsp;&nbsp;&nbsp;&nbsp;&nbsp;&nbsp;&nbsp;&nbsp;&nbsp;&nbsp; Sprachra\u00fcme im Oesling.                                                                            <em>(Zones linguistiques dans l&rsquo;Oesling)<\/em><\/p>\n\n\n\n<p>F. DANDRIFOSSE&nbsp;&nbsp;&nbsp;&nbsp;&nbsp;&nbsp;&nbsp;&nbsp;&nbsp;&nbsp;&nbsp;&nbsp;&nbsp; L&rsquo;Abb\u00e9 Ch. Dubois.<\/p>\n\n\n\n<p>J. XHAYET&nbsp;&nbsp;&nbsp;&nbsp;&nbsp;&nbsp;&nbsp;&nbsp;&nbsp;&nbsp;&nbsp;&nbsp;&nbsp;&nbsp;&nbsp;&nbsp;&nbsp;&nbsp;&nbsp;&nbsp;&nbsp;&nbsp;&nbsp;&nbsp;&nbsp;&nbsp;&nbsp; Notre mus\u00e9e.<\/p>\n\n\n\n<p>F. TOUSSAINT&nbsp;&nbsp;&nbsp;&nbsp;&nbsp;&nbsp;&nbsp;&nbsp;&nbsp;&nbsp;&nbsp;&nbsp;&nbsp;&nbsp;&nbsp;&nbsp;&nbsp;&nbsp;&nbsp;&nbsp;&nbsp; L\u2019sotai et l\u2019dj\u00f4ne f\u00e8ye.<\/p>\n\n\n\n<p>J. BASTIN&nbsp;&nbsp;&nbsp;&nbsp;&nbsp;&nbsp;&nbsp;&nbsp;&nbsp;&nbsp;&nbsp;&nbsp;&nbsp;&nbsp;&nbsp;&nbsp;&nbsp;&nbsp;&nbsp;&nbsp;&nbsp;&nbsp;&nbsp;&nbsp;&nbsp;&nbsp;&nbsp; &nbsp; A propos du nom primitif de Saint-Vith.<\/p>\n\n\n\n<p><strong><u>TOME VII &#8211; 1937<\/u><\/strong><\/p>\n\n\n\n<p>J. BASTIN&nbsp;&nbsp;&nbsp;&nbsp;&nbsp;&nbsp;&nbsp;&nbsp;&nbsp;&nbsp;&nbsp;&nbsp;&nbsp;&nbsp;&nbsp;&nbsp;&nbsp;&nbsp;&nbsp;&nbsp;&nbsp;&nbsp;&nbsp;&nbsp;&nbsp;&nbsp;&nbsp;&nbsp; Les plantes dans le parler, l&rsquo; histoire et les usages de la Wallonie<\/p>\n\n\n\n<p>&nbsp;&nbsp;&nbsp;&nbsp;&nbsp;&nbsp;&nbsp;&nbsp;&nbsp;&nbsp;&nbsp;&nbsp;&nbsp;&nbsp;&nbsp;&nbsp;&nbsp;&nbsp;&nbsp;&nbsp;&nbsp;&nbsp;&nbsp;&nbsp;&nbsp;&nbsp;&nbsp;&nbsp;&nbsp;&nbsp;&nbsp;&nbsp;&nbsp;&nbsp;&nbsp;&nbsp;&nbsp;&nbsp;&nbsp;&nbsp;&nbsp;&nbsp;&nbsp;&nbsp; &nbsp;malm\u00e9dienne (&nbsp;7\u00e8me partie et fin&nbsp;).<\/p>\n\n\n\n<p>F. TOUSSAINT&nbsp;&nbsp;&nbsp;&nbsp;&nbsp;&nbsp;&nbsp;&nbsp;&nbsp;&nbsp;&nbsp;&nbsp;&nbsp;&nbsp;&nbsp;&nbsp;&nbsp;&nbsp;&nbsp;&nbsp;&nbsp; Folklore de l\u2019alimentation (&nbsp;Ovifat&nbsp;).<\/p>\n\n\n\n<p>B. WILLEMS&nbsp;&nbsp;&nbsp;&nbsp;&nbsp;&nbsp;&nbsp;&nbsp;&nbsp;&nbsp;&nbsp;&nbsp;&nbsp;&nbsp;&nbsp;&nbsp;&nbsp;&nbsp;&nbsp;&nbsp;&nbsp;&nbsp;&nbsp;&nbsp;&nbsp; Der Sankt Quirinusbrunnen in Oberweywertz (&nbsp;1\u00e8re partie&nbsp;).            <em>(La source Saint Quirin  \u00e0 Oberweywertz )<\/em><\/p>\n\n\n\n<p>F. DANDRIFOSSE&nbsp;&nbsp;&nbsp;&nbsp;&nbsp;&nbsp;&nbsp;&nbsp;&nbsp;&nbsp;&nbsp;&nbsp;&nbsp;&nbsp;&nbsp;&nbsp; La Joyeuse Entr\u00e9e du Prince Abb\u00e9 A. Delmotte \u00e0 Stavelot et \u00e0 Malmedy.<\/p>\n\n\n\n<p>E. DECO &nbsp;&nbsp;&nbsp;&nbsp;&nbsp;&nbsp;&nbsp;&nbsp;&nbsp;&nbsp;&nbsp;&nbsp;&nbsp;&nbsp;&nbsp;&nbsp;&nbsp;&nbsp;&nbsp;&nbsp;&nbsp;&nbsp;&nbsp;&nbsp;&nbsp;&nbsp;&nbsp;&nbsp;&nbsp; Lu Nut&rsquo; du Maye.<\/p>\n\n\n\n<p>W. LEGRAND&nbsp;&nbsp;&nbsp;&nbsp;&nbsp;&nbsp;&nbsp;&nbsp;&nbsp;&nbsp;&nbsp;&nbsp;&nbsp;&nbsp;&nbsp;&nbsp;&nbsp;&nbsp;&nbsp;&nbsp;&nbsp;&nbsp;&nbsp; La guerre de 7 ans au pays de Stavelot-Malmedy.<\/p>\n\n\n\n<p>G. JARBINET&nbsp;&nbsp;&nbsp;&nbsp;&nbsp;&nbsp;&nbsp;&nbsp;&nbsp;&nbsp;&nbsp;&nbsp;&nbsp;&nbsp;&nbsp;&nbsp;&nbsp;&nbsp;&nbsp;&nbsp;&nbsp;&nbsp;&nbsp; Le dernier grognard du pays de Stavelot-Malmedy.<\/p>\n\n\n\n<p>J. BASTIN&nbsp;&nbsp;&nbsp;&nbsp;&nbsp;&nbsp;&nbsp;&nbsp;&nbsp;&nbsp;&nbsp;&nbsp;&nbsp;&nbsp;&nbsp;&nbsp;&nbsp;&nbsp;&nbsp;&nbsp;&nbsp;&nbsp;&nbsp;&nbsp;&nbsp;&nbsp;&nbsp;&nbsp; Faymonville et Aussenborn&nbsp;: note \u00e9tymologique.<\/p>\n\n\n\n<p>G. DARGNEL&nbsp;&nbsp;&nbsp;&nbsp;&nbsp;&nbsp;&nbsp;&nbsp;&nbsp;&nbsp;&nbsp;&nbsp;&nbsp;&nbsp;&nbsp;&nbsp;&nbsp;&nbsp;&nbsp;&nbsp;&nbsp;&nbsp;&nbsp; Un sceau in\u00e9dit d\u2019un abb\u00e9 de Stavelot-Malmedy.<\/p>\n\n\n\n<p>J. DE CONINCK&nbsp;&nbsp;&nbsp;&nbsp;&nbsp;&nbsp;&nbsp;&nbsp;&nbsp;&nbsp;&nbsp;&nbsp;&nbsp;&nbsp;&nbsp;&nbsp;&nbsp;&nbsp;&nbsp; Le carnaval de Malmedy \u00e0 l\u2019I.N.R.<\/p>\n\n\n\n<p>J. XHAYET&nbsp;&nbsp;&nbsp;&nbsp;&nbsp;&nbsp;&nbsp;&nbsp;&nbsp;&nbsp;&nbsp;&nbsp;&nbsp;&nbsp;&nbsp;&nbsp;&nbsp;&nbsp;&nbsp;&nbsp;&nbsp;&nbsp;&nbsp;&nbsp;&nbsp;&nbsp;&nbsp; Notre mus\u00e9e&nbsp;: la schoppe&nbsp;; le cornet du veilleur de nuit&nbsp;; un reliquaire en bois&nbsp;; cimeterre turc.<\/p>\n\n\n\n<p>J. BASTIN&nbsp;&nbsp;&nbsp;&nbsp;&nbsp;&nbsp;&nbsp;&nbsp;&nbsp;&nbsp;&nbsp;&nbsp;&nbsp;&nbsp;&nbsp;&nbsp;&nbsp;&nbsp;&nbsp;&nbsp;&nbsp;&nbsp;&nbsp;&nbsp;&nbsp;&nbsp;&nbsp;&nbsp; A propos de la bataille de Beauloup.<\/p>\n\n\n\n<p>F. TOUSSAINT&nbsp;&nbsp;&nbsp;&nbsp;&nbsp;&nbsp;&nbsp;&nbsp;&nbsp;&nbsp;&nbsp;&nbsp;&nbsp;&nbsp;&nbsp;&nbsp;&nbsp;&nbsp;&nbsp;&nbsp;&nbsp; Notes pour servir \u00e0 l\u2019\u00e9tude des ermitages.<\/p>\n\n\n\n<p>F. TOUSSAINT&nbsp;&nbsp;&nbsp;&nbsp;&nbsp;&nbsp;&nbsp;&nbsp;&nbsp;&nbsp;&nbsp;&nbsp;&nbsp;&nbsp;&nbsp;&nbsp;&nbsp;&nbsp;&nbsp;&nbsp;&nbsp; Histoires de loups.<\/p>\n\n\n\n<p>J. BASTIN&nbsp;&nbsp;&nbsp;&nbsp;&nbsp;&nbsp;&nbsp;&nbsp;&nbsp;&nbsp;&nbsp;&nbsp;&nbsp;&nbsp;&nbsp;&nbsp;&nbsp;&nbsp;&nbsp;&nbsp;&nbsp;&nbsp;&nbsp;&nbsp;&nbsp;&nbsp;&nbsp;&nbsp; Les tombes du Wolfsbusch.<\/p>\n\n\n\n<p><strong><u>TOME VIII &#8211; 1938<\/u><\/strong><\/p>\n\n\n\n<p>MALMEDY-FOLKLORE&nbsp;&nbsp;&nbsp;&nbsp;&nbsp;&nbsp;&nbsp;&nbsp;&nbsp; In Memoriam&nbsp;: Joseph Villers, premier pr\u00e9sident.<\/p>\n\n\n\n<p>F. DANDRIFOSSE&nbsp;&nbsp;&nbsp;&nbsp;&nbsp;&nbsp;&nbsp;&nbsp;&nbsp;&nbsp;&nbsp;&nbsp;&nbsp;&nbsp;&nbsp;&nbsp; Jean Nicolas PONSART.<\/p>\n\n\n\n<p>C. DUBOIS&nbsp;&nbsp;&nbsp;&nbsp;&nbsp;&nbsp;&nbsp;&nbsp;&nbsp;&nbsp;&nbsp;&nbsp;&nbsp;&nbsp;&nbsp;&nbsp;&nbsp;&nbsp;&nbsp;&nbsp;&nbsp;&nbsp;&nbsp;&nbsp;&nbsp;&nbsp;&nbsp; La Mari\u00e9e de Mai.<\/p>\n\n\n\n<p>W. LEGRAND&nbsp;&nbsp;&nbsp;&nbsp;&nbsp;&nbsp;&nbsp;&nbsp;&nbsp;&nbsp;&nbsp;&nbsp;&nbsp;&nbsp;&nbsp;&nbsp;&nbsp;&nbsp;&nbsp;&nbsp;&nbsp;&nbsp;&nbsp; Note sur le r\u00e8gne de F.E. de Furstenberg, abb\u00e9, prince de S.M.<\/p>\n\n\n\n<p>L. LOMBARD&nbsp;&nbsp;&nbsp;&nbsp;&nbsp;&nbsp;&nbsp;&nbsp;&nbsp;&nbsp;&nbsp;&nbsp;&nbsp;&nbsp;&nbsp;&nbsp;&nbsp;&nbsp;&nbsp;&nbsp;&nbsp;&nbsp;&nbsp;&nbsp; Les R\u00f4les de Carnaval du po\u00e8te Joseph LEBIERRE.<\/p>\n\n\n\n<p>L. LOMBARD&nbsp;&nbsp;&nbsp;&nbsp;&nbsp;&nbsp;&nbsp;&nbsp;&nbsp;&nbsp;&nbsp;&nbsp;&nbsp;&nbsp;&nbsp;&nbsp;&nbsp;&nbsp;&nbsp;&nbsp;&nbsp;&nbsp;&nbsp;&nbsp; La toponymie de fa, faye et fagne.<\/p>\n\n\n\n<p>B. WILLEMS&nbsp;&nbsp;&nbsp;&nbsp;&nbsp;&nbsp;&nbsp;&nbsp;&nbsp;&nbsp;&nbsp;&nbsp;&nbsp;&nbsp;&nbsp;&nbsp;&nbsp;&nbsp;&nbsp;&nbsp;&nbsp;&nbsp;&nbsp;&nbsp;&nbsp; Der Sankt Quirinusbrunnen in Oberweywertz (&nbsp;2\u00e8me partie et fin&nbsp;)     <em>(La source Saint Quirin \u00e0 Oberweywertz  2\u00e8me partie)<\/em>.<\/p>\n\n\n\n<p>F. DANDRIFOSSE&nbsp;&nbsp;&nbsp;&nbsp;&nbsp;&nbsp;&nbsp;&nbsp;&nbsp;&nbsp;&nbsp;&nbsp;&nbsp;&nbsp;&nbsp;&nbsp; Sous le r\u00e8gne de J.E. de Loewenstein.<\/p>\n\n\n\n<p>C. BELLEFONTAINE&nbsp;&nbsp;&nbsp;&nbsp;&nbsp;&nbsp;&nbsp;&nbsp;&nbsp;&nbsp;&nbsp;&nbsp; La dentellerie malm\u00e9dienne.<\/p>\n\n\n\n<p>W. LEGRAND&nbsp;&nbsp;&nbsp;&nbsp;&nbsp;&nbsp;&nbsp;&nbsp;&nbsp;&nbsp;&nbsp;&nbsp;&nbsp;&nbsp;&nbsp;&nbsp;&nbsp;&nbsp;&nbsp;&nbsp;&nbsp;&nbsp;&nbsp; La pierre tombale de P.B. de Dhaem \u00e0 Saint-Vith.<\/p>\n\n\n\n<p>B. WILLEMS&nbsp;&nbsp;&nbsp;&nbsp;&nbsp;&nbsp;&nbsp;&nbsp;&nbsp;&nbsp;&nbsp;&nbsp;&nbsp;&nbsp;&nbsp;&nbsp;&nbsp;&nbsp;&nbsp;&nbsp;&nbsp;&nbsp;&nbsp;&nbsp;&nbsp; Ums L\u00fctzevenn.                                                       <em>(Autour de la L\u00fctzevenn )<\/em><\/p>\n\n\n\n<p>C. JACQUES&nbsp;&nbsp;&nbsp;&nbsp;&nbsp;&nbsp;&nbsp;&nbsp;&nbsp;&nbsp;&nbsp;&nbsp;&nbsp;&nbsp;&nbsp;&nbsp;&nbsp;&nbsp;&nbsp;&nbsp;&nbsp;&nbsp;&nbsp;&nbsp; Histoires de chez nous (&nbsp;les loups&nbsp;; la neige&nbsp;; l\u2019alimentation&nbsp;).<\/p>\n\n\n\n<p>J. ANTOINE&nbsp;&nbsp;&nbsp;&nbsp;&nbsp;&nbsp;&nbsp;&nbsp;&nbsp;&nbsp;&nbsp;&nbsp;&nbsp;&nbsp;&nbsp;&nbsp;&nbsp;&nbsp;&nbsp;&nbsp;&nbsp;&nbsp;&nbsp;&nbsp;&nbsp; Croyances et coutumes d\u2019autrefois.<\/p>\n\n\n\n<p>G. HAERENS&nbsp;&nbsp;&nbsp;&nbsp;&nbsp;&nbsp;&nbsp;&nbsp;&nbsp;&nbsp;&nbsp;&nbsp;&nbsp;&nbsp;&nbsp;&nbsp;&nbsp;&nbsp;&nbsp;&nbsp;&nbsp;&nbsp;&nbsp; Vingt ans apr\u00e8s.<\/p>\n\n\n\n<p>B. WILLEMS&nbsp;&nbsp;&nbsp;&nbsp;&nbsp;&nbsp;&nbsp;&nbsp;&nbsp;&nbsp;&nbsp;&nbsp;&nbsp;&nbsp;&nbsp;&nbsp;&nbsp;&nbsp;&nbsp;&nbsp;&nbsp;&nbsp;&nbsp;&nbsp;&nbsp; Agigolfussagen.                                                              <em>(<em>L\u00e9gendes d&rsquo;Agilolfe)&nbsp;<\/em><\/em><\/p>\n\n\n\n<p><strong><u>TOME IX &#8211; 1939<\/u><\/strong><\/p>\n\n\n\n<p>E. LALOIRE&nbsp;&nbsp;&nbsp;&nbsp;&nbsp;&nbsp;&nbsp;&nbsp;&nbsp;&nbsp;&nbsp;&nbsp;&nbsp;&nbsp;&nbsp;&nbsp;&nbsp;&nbsp;&nbsp;&nbsp;&nbsp;&nbsp;&nbsp;&nbsp;&nbsp;&nbsp; L\u2019autel St S\u00e9bastien \u00e0 Stavelot.<\/p>\n\n\n\n<p>F. TOUSSAINT&nbsp;&nbsp;&nbsp;&nbsp;&nbsp;&nbsp;&nbsp;&nbsp;&nbsp;&nbsp;&nbsp;&nbsp;&nbsp;&nbsp;&nbsp;&nbsp;&nbsp;&nbsp;&nbsp;&nbsp;&nbsp; La Via Mansuerisca et la villa royale de Waimes.<\/p>\n\n\n\n<p>J. LAVALLEYE&nbsp;&nbsp;&nbsp;&nbsp;&nbsp;&nbsp;&nbsp;&nbsp;&nbsp;&nbsp;&nbsp;&nbsp;&nbsp;&nbsp;&nbsp;&nbsp;&nbsp;&nbsp;&nbsp;&nbsp;&nbsp;&nbsp; Le dessinateur Antoine Leloup.<\/p>\n\n\n\n<p>C. FELLER&nbsp;&nbsp;&nbsp;&nbsp;&nbsp;&nbsp;&nbsp;&nbsp;&nbsp;&nbsp;&nbsp;&nbsp;&nbsp;&nbsp;&nbsp;&nbsp;&nbsp;&nbsp;&nbsp;&nbsp;&nbsp;&nbsp;&nbsp;&nbsp;&nbsp;&nbsp;&nbsp; Les Seigneurs de Schoenberg-sur-Our.<\/p>\n\n\n\n<p>F. DANDRIFOSSE&nbsp;&nbsp;&nbsp;&nbsp;&nbsp;&nbsp;&nbsp;&nbsp;&nbsp;&nbsp;&nbsp;&nbsp;&nbsp;&nbsp;&nbsp;&nbsp; Les Peintres Hanson de Stavelot.<\/p>\n\n\n\n<p>B. WILLEMS&nbsp;&nbsp;&nbsp;&nbsp;&nbsp;&nbsp;&nbsp;&nbsp;&nbsp;&nbsp;&nbsp;&nbsp;&nbsp;&nbsp;&nbsp;&nbsp;&nbsp;&nbsp;&nbsp;&nbsp;&nbsp;&nbsp;&nbsp;&nbsp;&nbsp; Everhelm und Erlebold, die \u00e4ltesten Herren von Salm und Thommen.                    <em>(Everhelm et Erlebold, les plus anciens seigneurs de Salm et Thommen)<\/em><\/p>\n\n\n\n<p>M. BEGASSE de DHAEM&nbsp;&nbsp;&nbsp;&nbsp;&nbsp;&nbsp; Notes g\u00e9n\u00e9alogiques sur la famille DHAEM.<\/p>\n\n\n\n<p>B. WILLEMS&nbsp;&nbsp;&nbsp;&nbsp;&nbsp;&nbsp;&nbsp;&nbsp;&nbsp;&nbsp;&nbsp;&nbsp;&nbsp;&nbsp;&nbsp;&nbsp;&nbsp;&nbsp;&nbsp;&nbsp;&nbsp;&nbsp;&nbsp;&nbsp;&nbsp; Quecksalm oder Buschdorf&#8230;                       <em>(Quecksalm ou &nbsp;Buschdorf<\/em>)<\/p>\n\n\n\n<p>W. LEGRAND&nbsp;&nbsp;&nbsp;&nbsp;&nbsp;&nbsp;&nbsp;&nbsp;&nbsp;&nbsp;&nbsp;&nbsp;&nbsp;&nbsp;&nbsp;&nbsp;&nbsp;&nbsp;&nbsp;&nbsp;&nbsp;&nbsp;&nbsp; Quelques documents d\u2019arch\u00e9ologie stavelotaine&nbsp;: &nbsp;une miniature&nbsp;; un antiphonaire&nbsp;; une take aux armes de Rahier&nbsp;; les armoiries de Stavelot&nbsp;; Dom Burnenville.<\/p>\n\n\n\n<p>F. TOUSSAINT&nbsp;&nbsp;&nbsp;&nbsp;&nbsp;&nbsp;&nbsp;&nbsp;&nbsp;&nbsp;&nbsp;&nbsp;&nbsp;&nbsp;&nbsp;&nbsp;&nbsp;&nbsp;&nbsp;&nbsp;&nbsp; Rouf et bouf.<\/p>\n\n\n\n<p>B. WILLEMS&nbsp;&nbsp;&nbsp;&nbsp;&nbsp;&nbsp;&nbsp;&nbsp;&nbsp;&nbsp;&nbsp;&nbsp;&nbsp;&nbsp;&nbsp;&nbsp;&nbsp;&nbsp;&nbsp;&nbsp;&nbsp;&nbsp;&nbsp;&nbsp;&nbsp; Todeskreuz eines Nidrumes bei Watermal.                                         <em>(Croix mortuaire d\u2019un habitant de Nidrum \u00e0 Watermal)<\/em><\/p>\n\n\n\n<p>F. DANDRIFOSSE&nbsp;&nbsp;&nbsp;&nbsp;&nbsp;&nbsp;&nbsp;&nbsp;&nbsp;&nbsp;&nbsp;&nbsp;&nbsp;&nbsp;&nbsp;&nbsp; Anniversaires d\u2019artistes&nbsp;: F. Prume&nbsp;; P.J. Redout\u00e9.<\/p>\n\n\n\n<p><strong><u>TOME X &#8211; 1946<\/u><\/strong><\/p>\n\n\n\n<p>J. LAMBERT&nbsp;&nbsp;&nbsp;&nbsp;&nbsp;&nbsp;&nbsp;&nbsp;&nbsp;&nbsp;&nbsp;&nbsp;&nbsp;&nbsp;&nbsp;&nbsp;&nbsp;&nbsp;&nbsp;&nbsp;&nbsp;&nbsp;&nbsp;&nbsp; L\u2019Abb\u00e9 Joseph Bastin.<\/p>\n\n\n\n<p>J. LAMBERT&nbsp;&nbsp;&nbsp;&nbsp;&nbsp;&nbsp;&nbsp;&nbsp;&nbsp;&nbsp;&nbsp;&nbsp;&nbsp;&nbsp;&nbsp;&nbsp;&nbsp;&nbsp;&nbsp;&nbsp;&nbsp;&nbsp;&nbsp;&nbsp; Henri Bragard, \u00e9crivain wallon et patriote.<\/p>\n\n\n\n<p>B. WILLEMS&nbsp;&nbsp;&nbsp;&nbsp;&nbsp;&nbsp;&nbsp;&nbsp;&nbsp;&nbsp;&nbsp;&nbsp;&nbsp;&nbsp;&nbsp;&nbsp;&nbsp;&nbsp;&nbsp;&nbsp;&nbsp;&nbsp;&nbsp;&nbsp;&nbsp; Photo relative au massacre de Baugnez.<\/p>\n\n\n\n<p>J. VANNERUS&nbsp;&nbsp;&nbsp;&nbsp;&nbsp;&nbsp;&nbsp;&nbsp;&nbsp;&nbsp;&nbsp;&nbsp;&nbsp;&nbsp;&nbsp;&nbsp;&nbsp;&nbsp;&nbsp;&nbsp;&nbsp;&nbsp; La Via Mansuerisca.<\/p>\n\n\n\n<p>C. GUILLAUME&nbsp;&nbsp;&nbsp;&nbsp;&nbsp;&nbsp;&nbsp;&nbsp;&nbsp;&nbsp;&nbsp;&nbsp;&nbsp;&nbsp;&nbsp;&nbsp;&nbsp;&nbsp;&nbsp;&nbsp; Le Chemin des Fronti\u00e8res.<\/p>\n\n\n\n<p>P. DEN DOOVEN&nbsp;&nbsp;&nbsp;&nbsp;&nbsp;&nbsp;&nbsp;&nbsp;&nbsp;&nbsp;&nbsp;&nbsp;&nbsp;&nbsp;&nbsp;&nbsp;&nbsp; P\u00e8lerinages franchimontois au pays de Stavelot-Malmedy.<\/p>\n\n\n\n<p>F. DANDRIFOSSE&nbsp;&nbsp;&nbsp;&nbsp;&nbsp;&nbsp;&nbsp;&nbsp;&nbsp;&nbsp;&nbsp;&nbsp;&nbsp;&nbsp;&nbsp;&nbsp; A propos de quelques pierres tombales \u00e0 l\u2019\u00e9glise des Capucins \u00e0 Malmedy.<\/p>\n\n\n\n<p>B. WILLEMS&nbsp;&nbsp;&nbsp;&nbsp;&nbsp;&nbsp;&nbsp;&nbsp;&nbsp;&nbsp;&nbsp;&nbsp;&nbsp;&nbsp;&nbsp;&nbsp;&nbsp;&nbsp;&nbsp;&nbsp;&nbsp;&nbsp;&nbsp;&nbsp;&nbsp; La Cour de Justice de B\u00fctgenbach.<\/p>\n\n\n\n<p>F. DANDRIFOSSE&nbsp;&nbsp;&nbsp;&nbsp;&nbsp;&nbsp;&nbsp;&nbsp;&nbsp;&nbsp;&nbsp;&nbsp;&nbsp;&nbsp;&nbsp;&nbsp; L\u2019ermitage de Bellevaux.<\/p>\n\n\n\n<p>J. XHAYET&nbsp;&nbsp;&nbsp;&nbsp;&nbsp;&nbsp;&nbsp;&nbsp;&nbsp;&nbsp;&nbsp;&nbsp;&nbsp;&nbsp;&nbsp;&nbsp;&nbsp;&nbsp;&nbsp;&nbsp;&nbsp;&nbsp;&nbsp;&nbsp;&nbsp;&nbsp;&nbsp; Quand le p\u00e8qu\u00e8t \u00e9tait roi (&nbsp;1\u00e8re partie&nbsp;).<\/p>\n\n\n\n<p>F. DANDRIFOSSE&nbsp;&nbsp;&nbsp;&nbsp;&nbsp;&nbsp;&nbsp;&nbsp;&nbsp;&nbsp;&nbsp;&nbsp;&nbsp;&nbsp;&nbsp;&nbsp; A propos de la \u00a0\u00bb&nbsp;Mise au Tombeau&nbsp;\u00a0\u00bb de N.Hanson conserv\u00e9e \u00e0 Stavelot.<\/p>\n\n\n\n<p>J. ROCHE&nbsp;&nbsp;&nbsp;&nbsp;&nbsp;&nbsp;&nbsp;&nbsp;&nbsp;&nbsp;&nbsp;&nbsp;&nbsp;&nbsp;&nbsp;&nbsp;&nbsp;&nbsp;&nbsp;&nbsp;&nbsp;&nbsp;&nbsp;&nbsp;&nbsp;&nbsp;&nbsp;&nbsp; Administration de Malmedy-Folklore.<\/p>\n\n\n\n<p>J. XHAYET&nbsp;&nbsp;&nbsp;&nbsp;&nbsp;&nbsp;&nbsp;&nbsp;&nbsp;&nbsp;&nbsp;&nbsp;&nbsp;&nbsp;&nbsp;&nbsp;&nbsp;&nbsp;&nbsp;&nbsp;&nbsp;&nbsp;&nbsp;&nbsp;&nbsp;&nbsp;&nbsp; Monsieur l\u2019Abb\u00e9 Charles Dubois.<\/p>\n\n\n\n<p>E. LAMBERT&nbsp;&nbsp;&nbsp;&nbsp;&nbsp;&nbsp;&nbsp;&nbsp;&nbsp;&nbsp;&nbsp;&nbsp;&nbsp;&nbsp;&nbsp;&nbsp;&nbsp;&nbsp;&nbsp;&nbsp;&nbsp;&nbsp;&nbsp;&nbsp; La collection de Cryptogames de M.A. Libert.<\/p>\n\n\n\n<p>M. LANG&nbsp;&nbsp;&nbsp;&nbsp;&nbsp;&nbsp;&nbsp;&nbsp;&nbsp;&nbsp;&nbsp;&nbsp;&nbsp;&nbsp;&nbsp;&nbsp;&nbsp;&nbsp;&nbsp;&nbsp;&nbsp;&nbsp;&nbsp;&nbsp;&nbsp;&nbsp;&nbsp;&nbsp;&nbsp;&nbsp; La collection Steinbach de la Saulx.<\/p>\n\n\n\n<p>J. XHAYET&nbsp;&nbsp;&nbsp;&nbsp;&nbsp;&nbsp;&nbsp;&nbsp;&nbsp;&nbsp;&nbsp;&nbsp;&nbsp;&nbsp;&nbsp;&nbsp;&nbsp;&nbsp;&nbsp;&nbsp;&nbsp;&nbsp;&nbsp;&nbsp;&nbsp;&nbsp;&nbsp; La St\u00e8le de Botrange.<\/p>\n\n\n\n<p>J. XHAYET&nbsp;&nbsp;&nbsp;&nbsp;&nbsp;&nbsp;&nbsp;&nbsp;&nbsp;&nbsp;&nbsp;&nbsp;&nbsp;&nbsp;&nbsp;&nbsp;&nbsp;&nbsp;&nbsp;&nbsp;&nbsp;&nbsp;&nbsp;&nbsp;&nbsp;&nbsp;&nbsp; Le monument Pietkin.<\/p>\n\n\n\n<p>M. LANG&nbsp;&nbsp;&nbsp;&nbsp;&nbsp;&nbsp;&nbsp;&nbsp;&nbsp;&nbsp;&nbsp;&nbsp;&nbsp;&nbsp;&nbsp;&nbsp;&nbsp;&nbsp;&nbsp;&nbsp;&nbsp;&nbsp;&nbsp;&nbsp;&nbsp;&nbsp;&nbsp;&nbsp;&nbsp;&nbsp; La louve du monument Pietkin.<\/p>\n\n\n\n<p>G. HAERENS&nbsp;&nbsp;&nbsp;&nbsp;&nbsp;&nbsp;&nbsp;&nbsp;&nbsp;&nbsp;&nbsp;&nbsp;&nbsp;&nbsp;&nbsp;&nbsp;&nbsp;&nbsp;&nbsp;&nbsp;&nbsp;&nbsp;&nbsp; N\u00e9crologie&nbsp;: Joseph Werson.<\/p>\n\n\n\n<p>M. LANG&nbsp;&nbsp;&nbsp;&nbsp;&nbsp;&nbsp;&nbsp;&nbsp;&nbsp;&nbsp;&nbsp;&nbsp;&nbsp;&nbsp;&nbsp;&nbsp;&nbsp;&nbsp;&nbsp;&nbsp;&nbsp;&nbsp;&nbsp;&nbsp;&nbsp;&nbsp;&nbsp;&nbsp;&nbsp;&nbsp; N\u00e9crologie&nbsp;: Henri Steinbach de la Saulx.<\/p>\n\n\n\n<p>J. XHAYET&nbsp;&nbsp;&nbsp;&nbsp;&nbsp;&nbsp;&nbsp;&nbsp;&nbsp;&nbsp;&nbsp;&nbsp;&nbsp;&nbsp;&nbsp;&nbsp;&nbsp;&nbsp;&nbsp;&nbsp;&nbsp;&nbsp;&nbsp;&nbsp;&nbsp;&nbsp;&nbsp; N\u00e9crologie&nbsp;: Edgard Wiertz.<\/p>\n\n\n\n<p>J. XHAYET&nbsp;&nbsp;&nbsp;&nbsp;&nbsp;&nbsp;&nbsp;&nbsp;&nbsp;&nbsp;&nbsp;&nbsp;&nbsp;&nbsp;&nbsp;&nbsp;&nbsp;&nbsp;&nbsp;&nbsp;&nbsp;&nbsp;&nbsp;&nbsp;&nbsp;&nbsp;&nbsp; N\u00e9crologie&nbsp;: Auguste Hougardy.<\/p>\n\n\n\n<p>J. XHAYET&nbsp;&nbsp;&nbsp;&nbsp;&nbsp;&nbsp;&nbsp;&nbsp;&nbsp;&nbsp;&nbsp;&nbsp;&nbsp;&nbsp;&nbsp;&nbsp;&nbsp;&nbsp;&nbsp;&nbsp;&nbsp;&nbsp;&nbsp;&nbsp;&nbsp;&nbsp;&nbsp; N\u00e9crologie&nbsp;: Max Rome.<\/p>\n\n\n\n<p><strong><u>TOME XI &#8211; 1947<\/u><\/strong><\/p>\n\n\n\n<p>LE COMIT\u00c9&nbsp;&nbsp;&nbsp;&nbsp;&nbsp;&nbsp;&nbsp;&nbsp;&nbsp;&nbsp;&nbsp;&nbsp;&nbsp;&nbsp;&nbsp;&nbsp;&nbsp;&nbsp;&nbsp;&nbsp;&nbsp;&nbsp;&nbsp;&nbsp;&nbsp;&nbsp; In Memoriam&nbsp;: Ernest Lambert.<\/p>\n\n\n\n<p>Ch. DUBOIS&nbsp;&nbsp;&nbsp;&nbsp;&nbsp;&nbsp;&nbsp;&nbsp;&nbsp;&nbsp;&nbsp;&nbsp;&nbsp;&nbsp;&nbsp;&nbsp;&nbsp;&nbsp;&nbsp;&nbsp;&nbsp;&nbsp;&nbsp;&nbsp;&nbsp; Vestiges antiques dans le canton de Malmedy et de Saint-Vith.<\/p>\n\n\n\n<p>Ch. GASPAR&nbsp;&nbsp;&nbsp;&nbsp;&nbsp;&nbsp;&nbsp;&nbsp;&nbsp;&nbsp;&nbsp;&nbsp;&nbsp;&nbsp;&nbsp;&nbsp;&nbsp;&nbsp;&nbsp;&nbsp;&nbsp;&nbsp;&nbsp;&nbsp; Lieux-dits du ban de Fosse (&nbsp;1\u00e8re partie&nbsp;).<\/p>\n\n\n\n<p>J. VANNERUS&nbsp;&nbsp;&nbsp;&nbsp;&nbsp;&nbsp;&nbsp;&nbsp;&nbsp;&nbsp;&nbsp;&nbsp;&nbsp;&nbsp;&nbsp;&nbsp;&nbsp;&nbsp;&nbsp;&nbsp;&nbsp;&nbsp; Un imprimeur malm\u00e9dien au XVIII\u00e8me si\u00e8cle (&nbsp;Lambert Thonon&nbsp;).<\/p>\n\n\n\n<p>A. GREGOIRE&nbsp;&nbsp;&nbsp;&nbsp;&nbsp;&nbsp;&nbsp;&nbsp;&nbsp;&nbsp;&nbsp;&nbsp;&nbsp;&nbsp;&nbsp;&nbsp;&nbsp;&nbsp;&nbsp;&nbsp;&nbsp;&nbsp; Linaigrettes.<\/p>\n\n\n\n<p>M. LANG&nbsp;&nbsp;&nbsp;&nbsp;&nbsp;&nbsp;&nbsp;&nbsp;&nbsp;&nbsp;&nbsp;&nbsp;&nbsp;&nbsp;&nbsp;&nbsp;&nbsp;&nbsp;&nbsp;&nbsp;&nbsp;&nbsp;&nbsp;&nbsp;&nbsp;&nbsp;&nbsp;&nbsp;&nbsp;&nbsp; Nos anciens registres paroissiaux.<\/p>\n\n\n\n<p>F. DANDRIFOSSE&nbsp;&nbsp;&nbsp;&nbsp;&nbsp;&nbsp;&nbsp;&nbsp;&nbsp;&nbsp;&nbsp;&nbsp;&nbsp;&nbsp;&nbsp;&nbsp; La cons\u00e9cration de l\u2019\u00e9glise chez les Capucins de Stavelot.<\/p>\n\n\n\n<p>J. LAMBERT&nbsp;&nbsp;&nbsp;&nbsp;&nbsp;&nbsp;&nbsp;&nbsp;&nbsp;&nbsp;&nbsp;&nbsp;&nbsp;&nbsp;&nbsp;&nbsp;&nbsp;&nbsp;&nbsp;&nbsp;&nbsp;&nbsp;&nbsp;&nbsp; Les Bourgmestres du Magistrat \u00e0 Malmedy au XVIII\u00e8me si\u00e8cle.<\/p>\n\n\n\n<p>J. XHAYET&nbsp;&nbsp;&nbsp;&nbsp;&nbsp;&nbsp;&nbsp;&nbsp;&nbsp;&nbsp;&nbsp;&nbsp;&nbsp;&nbsp;&nbsp;&nbsp;&nbsp;&nbsp;&nbsp;&nbsp;&nbsp;&nbsp;&nbsp;&nbsp;&nbsp;&nbsp;&nbsp; \u00a0\u00bb&nbsp;Moutch&nbsp;\u00ab\u00a0, Quand le p\u00e8quet \u00e9tait roi (&nbsp;2\u00e8me partie&nbsp;).<\/p>\n\n\n\n<p>M. LANG&nbsp;&nbsp;&nbsp;&nbsp;&nbsp;&nbsp;&nbsp;&nbsp;&nbsp;&nbsp;&nbsp;&nbsp;&nbsp;&nbsp;&nbsp;&nbsp;&nbsp;&nbsp;&nbsp;&nbsp;&nbsp;&nbsp;&nbsp;&nbsp;&nbsp;&nbsp;&nbsp;&nbsp;&nbsp;&nbsp; Le peintre Alexandre Thomas.<\/p>\n\n\n\n<p>(M. LANG)&nbsp;&nbsp;&nbsp;&nbsp;&nbsp;&nbsp;&nbsp;&nbsp;&nbsp;&nbsp;&nbsp;&nbsp;&nbsp;&nbsp;&nbsp;&nbsp;&nbsp;&nbsp;&nbsp;&nbsp;&nbsp;&nbsp;&nbsp;&nbsp;&nbsp;&nbsp;&nbsp;&nbsp; Le m\u00e9daillon du monument J.N. Ponsart \u00e0 Malmedy&nbsp;: une mise au point.<\/p>\n\n\n\n<p>M. LANG&nbsp;&nbsp;&nbsp;&nbsp;&nbsp;&nbsp;&nbsp;&nbsp;&nbsp;&nbsp;&nbsp;&nbsp;&nbsp;&nbsp;&nbsp;&nbsp;&nbsp;&nbsp;&nbsp;&nbsp;&nbsp;&nbsp;&nbsp;&nbsp;&nbsp;&nbsp;&nbsp;&nbsp;&nbsp;&nbsp; Une lame fun\u00e9raire dans la Warchenne.<\/p>\n\n\n\n<p>(M. LANG)&nbsp;&nbsp;&nbsp;&nbsp;&nbsp;&nbsp;&nbsp;&nbsp;&nbsp;&nbsp;&nbsp;&nbsp;&nbsp;&nbsp;&nbsp;&nbsp;&nbsp;&nbsp;&nbsp;&nbsp;&nbsp;&nbsp;&nbsp;&nbsp;&nbsp;&nbsp;&nbsp;&nbsp; Le fonds Stavelot-Malmedy est \u00e0 Li\u00e8ge.<\/p>\n\n\n\n<p>(M. LANG)&nbsp;&nbsp;&nbsp;&nbsp;&nbsp;&nbsp;&nbsp;&nbsp;&nbsp;&nbsp;&nbsp;&nbsp;&nbsp;&nbsp;&nbsp;&nbsp;&nbsp;&nbsp;&nbsp;&nbsp;&nbsp;&nbsp;&nbsp;&nbsp;&nbsp;&nbsp;&nbsp;&nbsp; Jubil\u00e9s sacerdotaux&nbsp;: Abb\u00e9s Fran\u00e7ois Toussaint et Cl\u00e9ment Beckmann.<\/p>\n\n\n\n<p>(M. LANG)&nbsp;&nbsp;&nbsp;&nbsp;&nbsp;&nbsp;&nbsp;&nbsp;&nbsp;&nbsp;&nbsp;&nbsp;&nbsp;&nbsp;&nbsp;&nbsp;&nbsp;&nbsp;&nbsp;&nbsp;&nbsp;&nbsp;&nbsp;&nbsp;&nbsp;&nbsp;&nbsp;&nbsp; Le Chevalier t\u2019Serstevens.<\/p>\n\n\n\n<p>J. XHAYET&nbsp;&nbsp;&nbsp;&nbsp;&nbsp;&nbsp;&nbsp;&nbsp;&nbsp;&nbsp;&nbsp;&nbsp;&nbsp;&nbsp;&nbsp;&nbsp;&nbsp;&nbsp;&nbsp;&nbsp;&nbsp;&nbsp;&nbsp;&nbsp;&nbsp;&nbsp;&nbsp; La centenaire de Xhoffraix.<\/p>\n\n\n\n<p><strong><u>TOME XII &#8211; 1948<\/u><\/strong><\/p>\n\n\n\n<p>P. HARSIN&nbsp;&nbsp;&nbsp;&nbsp;&nbsp;&nbsp;&nbsp;&nbsp;&nbsp;&nbsp;&nbsp;&nbsp;&nbsp;&nbsp;&nbsp;&nbsp;&nbsp;&nbsp;&nbsp;&nbsp;&nbsp;&nbsp;&nbsp;&nbsp;&nbsp;&nbsp;&nbsp; A propos des \u00e9lections des Princes-Abb\u00e9s de Stavelot-Malmedy (&nbsp;d\u2019apr\u00e8s les archives du Vatican&nbsp;).<\/p>\n\n\n\n<p>F. DANDRIFOSSE&nbsp;&nbsp;&nbsp;&nbsp;&nbsp;&nbsp;&nbsp;&nbsp;&nbsp;&nbsp;&nbsp;&nbsp;&nbsp;&nbsp;&nbsp;&nbsp; Le testament de Fr\u00e8re Remacle de Malmedy, capucin : 1660<\/p>\n\n\n\n<p>Ch. GASPAR&nbsp;&nbsp;&nbsp;&nbsp;&nbsp;&nbsp;&nbsp;&nbsp;&nbsp;&nbsp;&nbsp;&nbsp;&nbsp;&nbsp;&nbsp;&nbsp;&nbsp;&nbsp;&nbsp;&nbsp;&nbsp;&nbsp;&nbsp;&nbsp; Lieux-dits du ban de Fosse (&nbsp;2\u00e8me partie&nbsp;).<\/p>\n\n\n\n<p>J. XHAYET&nbsp;&nbsp;&nbsp;&nbsp;&nbsp;&nbsp;&nbsp;&nbsp;&nbsp;&nbsp;&nbsp;&nbsp;&nbsp;&nbsp;&nbsp;&nbsp;&nbsp;&nbsp;&nbsp;&nbsp;&nbsp;&nbsp;&nbsp;&nbsp;&nbsp;&nbsp;&nbsp; \u00ab\u00a0P\u00e8ce d\u2019onze\u00a0\u00bb (&nbsp;fin de l&rsquo;article : \u00a0\u00bb&nbsp;quand le p\u00e8qu\u00e8t \u00e9tait roi&nbsp;\u00a0\u00bb &#8211; 3\u00e8me&nbsp;partie&nbsp;)<\/p>\n\n\n\n<p>G. HAERENS&nbsp;&nbsp;&nbsp;&nbsp;&nbsp;&nbsp;&nbsp;&nbsp;&nbsp;&nbsp;&nbsp;&nbsp;&nbsp;&nbsp;&nbsp;&nbsp;&nbsp;&nbsp;&nbsp;&nbsp;&nbsp;&nbsp;&nbsp; L\u2019arbre de la potence de Floriheid.<\/p>\n\n\n\n<p>J. XHAYET&nbsp;&nbsp;&nbsp;&nbsp;&nbsp;&nbsp;&nbsp;&nbsp;&nbsp;&nbsp;&nbsp;&nbsp;&nbsp;&nbsp;&nbsp;&nbsp;&nbsp;&nbsp;&nbsp;&nbsp;&nbsp;&nbsp;&nbsp;&nbsp;&nbsp;&nbsp;&nbsp; Malmedy en dix minutes (&nbsp;Causerie sur le mus\u00e9e du Folklore avant 1940&nbsp;).<\/p>\n\n\n\n<p>(M. LANG)&nbsp;&nbsp;&nbsp;&nbsp;&nbsp;&nbsp;&nbsp;&nbsp;&nbsp;&nbsp;&nbsp;&nbsp;&nbsp;&nbsp;&nbsp;&nbsp;&nbsp;&nbsp;&nbsp;&nbsp;&nbsp;&nbsp;&nbsp;&nbsp;&nbsp;&nbsp;&nbsp;&nbsp; Ascendances malm\u00e9diennes, stavelotaines et eupennoises de la Noblesse&nbsp;belge.<\/p>\n\n\n\n<p>F. DANDRIFOSSE&nbsp;&nbsp;&nbsp;&nbsp;&nbsp;&nbsp;&nbsp;&nbsp;&nbsp;&nbsp;&nbsp;&nbsp;&nbsp;&nbsp;&nbsp;&nbsp; Une vierge assise conserv\u00e9e \u00e0 Malmedy.<\/p>\n\n\n\n<p>M. LANG&nbsp;&nbsp;&nbsp;&nbsp;&nbsp;&nbsp;&nbsp;&nbsp;&nbsp;&nbsp;&nbsp;&nbsp;&nbsp;&nbsp;&nbsp;&nbsp;&nbsp;&nbsp;&nbsp;&nbsp;&nbsp;&nbsp;&nbsp;&nbsp;&nbsp;&nbsp;&nbsp;&nbsp;&nbsp;&nbsp; Un meurtre au ban d\u2019Ambl\u00e8ve, il y a 3 si\u00e8cles (&nbsp; Renard Grawet&nbsp;)<\/p>\n\n\n\n<p>XXX&nbsp;&nbsp;&nbsp;&nbsp;&nbsp;&nbsp;&nbsp;&nbsp;&nbsp;&nbsp;&nbsp;&nbsp;&nbsp;&nbsp;&nbsp;&nbsp;&nbsp;&nbsp;&nbsp;&nbsp;&nbsp;&nbsp;&nbsp;&nbsp;&nbsp;&nbsp;&nbsp;&nbsp;&nbsp;&nbsp;&nbsp;&nbsp;&nbsp;&nbsp;&nbsp;&nbsp;&nbsp; Une noy\u00e9e \u00e0 Stavelot en 1948.<\/p>\n\n\n\n<p>XXX&nbsp;&nbsp;&nbsp;&nbsp;&nbsp;&nbsp;&nbsp;&nbsp;&nbsp;&nbsp;&nbsp;&nbsp;&nbsp;&nbsp;&nbsp;&nbsp;&nbsp;&nbsp;&nbsp;&nbsp;&nbsp;&nbsp;&nbsp;&nbsp;&nbsp;&nbsp;&nbsp;&nbsp;&nbsp;&nbsp;&nbsp;&nbsp;&nbsp;&nbsp;&nbsp;&nbsp;&nbsp; Un savant malm\u00e9dien \u00e0 l\u2019Acad\u00e9mie Royale (&nbsp;Adolphe Rome&nbsp;).<\/p>\n\n\n\n<p><strong><u>TOME XIII &#8211; 1949<\/u><\/strong><\/p>\n\n\n\n<p>M. LANG&nbsp;&nbsp;&nbsp;&nbsp;&nbsp;&nbsp;&nbsp;&nbsp;&nbsp;&nbsp;&nbsp;&nbsp;&nbsp;&nbsp;&nbsp;&nbsp;&nbsp;&nbsp;&nbsp;&nbsp;&nbsp;&nbsp;&nbsp;&nbsp;&nbsp;&nbsp;&nbsp;&nbsp;&nbsp;&nbsp; Remembrances&nbsp;: l\u2019Abb\u00e9 Bastin.<\/p>\n\n\n\n<p>I. DELATTE&nbsp;&nbsp;&nbsp;&nbsp;&nbsp;&nbsp;&nbsp;&nbsp;&nbsp;&nbsp;&nbsp;&nbsp;&nbsp;&nbsp;&nbsp;&nbsp;&nbsp;&nbsp;&nbsp;&nbsp;&nbsp;&nbsp;&nbsp;&nbsp;&nbsp;&nbsp; Un d\u00e9nombrement de feux dans la Principaut\u00e9 de Stavelot-Malmedy en 1524.<\/p>\n\n\n\n<p>R. PINON&nbsp;&nbsp;&nbsp;&nbsp;&nbsp;&nbsp;&nbsp;&nbsp;&nbsp;&nbsp;&nbsp;&nbsp;&nbsp;&nbsp;&nbsp;&nbsp;&nbsp;&nbsp;&nbsp;&nbsp;&nbsp;&nbsp;&nbsp;&nbsp;&nbsp;&nbsp;&nbsp;&nbsp;&nbsp; La nouvelle \u00ab\u00a0Lyre Malm\u00e9dienne\u00a0\u00bb ou la vie en Wallonie malm\u00e9dienne refl\u00e9t\u00e9e dans la chanson folklorique (&nbsp;1\u00e8re partie&nbsp;).<\/p>\n\n\n\n<p>J. HERBILLON&nbsp;&nbsp;&nbsp;&nbsp;&nbsp;&nbsp;&nbsp;&nbsp;&nbsp;&nbsp;&nbsp;&nbsp;&nbsp;&nbsp;&nbsp;&nbsp;&nbsp;&nbsp;&nbsp;&nbsp;&nbsp; Le Paradis et l\u2019Enfer dans la toponymie li\u00e9geoise<\/p>\n\n\n\n<p>J. VANNERUS&nbsp;&nbsp;&nbsp;&nbsp;&nbsp;&nbsp;&nbsp;&nbsp;&nbsp;&nbsp;&nbsp;&nbsp;&nbsp;&nbsp;&nbsp;&nbsp;&nbsp;&nbsp;&nbsp;&nbsp;&nbsp;&nbsp; Propos de toponymie : les noms de Malmedy, Manderfeld&nbsp; et Manderscheid.<\/p>\n\n\n\n<p>F. DANDRIFOSSE&nbsp;&nbsp;&nbsp;&nbsp;&nbsp;&nbsp;&nbsp;&nbsp;&nbsp;&nbsp;&nbsp;&nbsp;&nbsp;&nbsp;&nbsp;&nbsp; Une \u00a0\u00bb&nbsp;derni\u00e8re C\u00e8ne&nbsp;\u00a0\u00bb conserv\u00e9e \u00e0 Stavelot.<\/p>\n\n\n\n<p>P. NASTER&nbsp;&nbsp;&nbsp;&nbsp;&nbsp;&nbsp;&nbsp;&nbsp;&nbsp;&nbsp;&nbsp;&nbsp;&nbsp;&nbsp;&nbsp;&nbsp;&nbsp;&nbsp;&nbsp;&nbsp;&nbsp;&nbsp;&nbsp;&nbsp;&nbsp;&nbsp; A propos de monnaies trouv\u00e9es \u00e0 Bullange.<\/p>\n\n\n\n<p>F. DANDRIFOSSE&nbsp;&nbsp;&nbsp;&nbsp;&nbsp;&nbsp;&nbsp;&nbsp;&nbsp;&nbsp;&nbsp;&nbsp;&nbsp;&nbsp;&nbsp;&nbsp; Une anecdote malm\u00e9dienne&nbsp;: \u00a0\u00bb&nbsp;Je fais la croix sur votre \u00e9glise&nbsp;\u00ab\u00a0.<\/p>\n\n\n\n<p>J. JEANFILS&nbsp;&nbsp;&nbsp;&nbsp;&nbsp;&nbsp;&nbsp;&nbsp;&nbsp;&nbsp;&nbsp;&nbsp;&nbsp;&nbsp;&nbsp;&nbsp;&nbsp;&nbsp;&nbsp;&nbsp;&nbsp;&nbsp;&nbsp;&nbsp;&nbsp; L\u2019Ath\u00e9n\u00e9e royal de Malmedy au micro de l\u2019I.N.R.<\/p>\n\n\n\n<p>G. HAERENS&nbsp;&nbsp;&nbsp;&nbsp;&nbsp;&nbsp;&nbsp;&nbsp;&nbsp;&nbsp;&nbsp;&nbsp;&nbsp;&nbsp;&nbsp;&nbsp;&nbsp;&nbsp;&nbsp;&nbsp;&nbsp;&nbsp;&nbsp; Les Ecoles primaires de Malmedy&nbsp;: au micro de l\u2019I.N.R.<\/p>\n\n\n\n<p>XXX&nbsp;&nbsp;&nbsp;&nbsp;&nbsp;&nbsp;&nbsp;&nbsp;&nbsp;&nbsp;&nbsp;&nbsp;&nbsp;&nbsp;&nbsp;&nbsp;&nbsp;&nbsp;&nbsp;&nbsp;&nbsp;&nbsp;&nbsp;&nbsp;&nbsp;&nbsp;&nbsp;&nbsp;&nbsp;&nbsp;&nbsp;&nbsp;&nbsp;&nbsp;&nbsp;&nbsp;&nbsp; Caroline, gu\u00e9risseuse de l\u2019Ardenne, est morte.<\/p>\n\n\n\n<p><strong><u>TOME XIV &#8211; 1950<\/u><\/strong><\/p>\n\n\n\n<p>F. BAIX &nbsp;&nbsp;&nbsp;&nbsp;&nbsp;&nbsp;&nbsp;&nbsp;&nbsp;&nbsp;&nbsp;&nbsp;&nbsp;&nbsp;&nbsp;&nbsp;&nbsp;&nbsp;&nbsp;&nbsp;&nbsp;&nbsp;&nbsp;&nbsp;&nbsp;&nbsp;&nbsp;&nbsp;&nbsp;&nbsp;&nbsp; Le souvenir de Saint Sigebert \u00e0 Stavelot-Malmedy.<\/p>\n\n\n\n<p>I. DELATTE&nbsp;&nbsp;&nbsp;&nbsp;&nbsp;&nbsp;&nbsp;&nbsp;&nbsp;&nbsp;&nbsp;&nbsp;&nbsp;&nbsp;&nbsp;&nbsp;&nbsp;&nbsp;&nbsp;&nbsp;&nbsp;&nbsp;&nbsp;&nbsp;&nbsp;&nbsp; La population de la Principaut\u00e9 de Stavelot-Malmedy en 1544.<\/p>\n\n\n\n<p>F. DANDRIFOSSE&nbsp;&nbsp;&nbsp;&nbsp;&nbsp;&nbsp;&nbsp;&nbsp;&nbsp;&nbsp;&nbsp;&nbsp;&nbsp;&nbsp;&nbsp;&nbsp; La maison St-Roch chez les Capucins de Malmedy.<\/p>\n\n\n\n<p>R. PINON&nbsp;&nbsp;&nbsp;&nbsp;&nbsp;&nbsp;&nbsp;&nbsp;&nbsp;&nbsp;&nbsp;&nbsp;&nbsp;&nbsp;&nbsp;&nbsp;&nbsp;&nbsp;&nbsp;&nbsp;&nbsp;&nbsp;&nbsp;&nbsp;&nbsp;&nbsp;&nbsp;&nbsp;&nbsp; La nouvelle \u00ab\u00a0Lyre Malm\u00e9dienne\u00a0\u00bb ou la vie en Wallonie malm\u00e9dienne refl\u00e9t\u00e9e dans la chanson folklorique (&nbsp;2\u00e8me partie&nbsp;).<\/p>\n\n\n\n<p><strong><u>TOME XV &#8211; 1951<\/u><\/strong><\/p>\n\n\n\n<p>F. BAIX &nbsp;&nbsp;&nbsp;&nbsp;&nbsp;&nbsp;&nbsp;&nbsp;&nbsp;&nbsp;&nbsp;&nbsp;&nbsp;&nbsp;&nbsp;&nbsp;&nbsp;&nbsp;&nbsp;&nbsp;&nbsp;&nbsp;&nbsp;&nbsp;&nbsp;&nbsp;&nbsp;&nbsp;&nbsp;&nbsp;&nbsp;&nbsp; St-Remacle et les \u00e9glises de Reims et Tr\u00e8ves.<\/p>\n\n\n\n<p>F. DANDRIFOSSE&nbsp;&nbsp;&nbsp;&nbsp;&nbsp;&nbsp;&nbsp;&nbsp;&nbsp;&nbsp;&nbsp;&nbsp;&nbsp;&nbsp;&nbsp;&nbsp; Les subventions accord\u00e9es aux Capucins par le Magistrat de Malmedy.<\/p>\n\n\n\n<p>J. LAMBERT&nbsp;&nbsp;&nbsp;&nbsp;&nbsp;&nbsp;&nbsp;&nbsp;&nbsp;&nbsp;&nbsp;&nbsp;&nbsp;&nbsp;&nbsp;&nbsp;&nbsp;&nbsp;&nbsp;&nbsp;&nbsp;&nbsp;&nbsp;&nbsp; Le veilleur de nuit et le service d&rsquo;incendie \u00e0 Malmedy aux XVIIIe et XIXe &nbsp;si\u00e8cles.<\/p>\n\n\n\n<p>D. NOEL&nbsp;&nbsp;&nbsp;&nbsp;&nbsp;&nbsp;&nbsp;&nbsp;&nbsp;&nbsp;&nbsp;&nbsp;&nbsp;&nbsp;&nbsp;&nbsp;&nbsp;&nbsp;&nbsp;&nbsp;&nbsp;&nbsp;&nbsp;&nbsp;&nbsp;&nbsp;&nbsp;&nbsp;&nbsp;&nbsp;&nbsp; La r\u00e9organisation paroissiale dans le pays de Stavelot-Malmedy sous le r\u00e9gime fran\u00e7ais.<\/p>\n\n\n\n<p>R. PINON&nbsp;&nbsp;&nbsp;&nbsp;&nbsp;&nbsp;&nbsp;&nbsp;&nbsp;&nbsp;&nbsp;&nbsp;&nbsp;&nbsp;&nbsp;&nbsp;&nbsp;&nbsp;&nbsp;&nbsp;&nbsp;&nbsp;&nbsp;&nbsp;&nbsp;&nbsp;&nbsp;&nbsp;&nbsp; La nouvelle \u00ab\u00a0Lyre Malm\u00e9dienne\u00a0\u00bb ou la Vie en Wallonie malm\u00e9dienne refl\u00e9t\u00e9e dans la chanson folklorique (&nbsp;3\u00e8me partie&nbsp;).<\/p>\n\n\n\n<p>M. LANG&nbsp;&nbsp;&nbsp;&nbsp;&nbsp;&nbsp;&nbsp;&nbsp;&nbsp;&nbsp;&nbsp;&nbsp;&nbsp;&nbsp;&nbsp;&nbsp;&nbsp;&nbsp;&nbsp;&nbsp;&nbsp;&nbsp;&nbsp;&nbsp;&nbsp;&nbsp;&nbsp;&nbsp;&nbsp;&nbsp; Archives d\u2019\u00c9tat civil r\u00e9cup\u00e9r\u00e9es dans les cantons de Malmedy et Saint-Vith.<\/p>\n\n\n\n<p>J. LAMBERT&nbsp;&nbsp;&nbsp;&nbsp;&nbsp;&nbsp;&nbsp;&nbsp;&nbsp;&nbsp;&nbsp;&nbsp;&nbsp;&nbsp;&nbsp;&nbsp;&nbsp;&nbsp;&nbsp;&nbsp;&nbsp;&nbsp;&nbsp;&nbsp; Un humoriste malm\u00e9dien : L\u00e9onard Closson.<\/p>\n\n\n\n<p>G. HAERENS&nbsp;&nbsp;&nbsp;&nbsp;&nbsp;&nbsp;&nbsp;&nbsp;&nbsp;&nbsp;&nbsp;&nbsp;&nbsp;&nbsp;&nbsp;&nbsp;&nbsp;&nbsp;&nbsp;&nbsp;&nbsp;&nbsp;&nbsp; L\u2019\u00e9glise des Capucins \u00e0 Malmedy&nbsp;: ses transformations au XIXe si\u00e8cle.<\/p>\n\n\n\n<p><strong><u>TOME XVI &#8211; 1952<\/u><\/strong><\/p>\n\n\n\n<p>LE COMIT\u00c9&nbsp;&nbsp;&nbsp;&nbsp;&nbsp;&nbsp;&nbsp;&nbsp;&nbsp;&nbsp;&nbsp;&nbsp;&nbsp;&nbsp;&nbsp;&nbsp;&nbsp;&nbsp;&nbsp;&nbsp;&nbsp;&nbsp;&nbsp;&nbsp;&nbsp;&nbsp; Hommage \u00e0 Monsieur le Chanoine Ch. DUBOIS.<\/p>\n\n\n\n<p>F. BAIX&nbsp;&nbsp;&nbsp;&nbsp;&nbsp;&nbsp;&nbsp;&nbsp;&nbsp;&nbsp;&nbsp;&nbsp;&nbsp;&nbsp;&nbsp;&nbsp;&nbsp;&nbsp;&nbsp;&nbsp;&nbsp;&nbsp;&nbsp;&nbsp;&nbsp;&nbsp;&nbsp;&nbsp;&nbsp;&nbsp;&nbsp;&nbsp; L\u00e9gendes et folklore de St-Remacle.<\/p>\n\n\n\n<p>M. LANG&nbsp;&nbsp;&nbsp;&nbsp;&nbsp;&nbsp;&nbsp;&nbsp;&nbsp;&nbsp;&nbsp;&nbsp;&nbsp;&nbsp;&nbsp;&nbsp;&nbsp;&nbsp;&nbsp;&nbsp;&nbsp;&nbsp;&nbsp;&nbsp;&nbsp;&nbsp;&nbsp;&nbsp;&nbsp;&nbsp; Dom Andr\u00e9 VEQUERAY, fondateur de la papeterie abbatiale de Malmedy &nbsp;(1714-1778) et sa famille.<\/p>\n\n\n\n<p>R. PINON&nbsp;&nbsp;&nbsp;&nbsp;&nbsp;&nbsp;&nbsp;&nbsp;&nbsp;&nbsp;&nbsp;&nbsp;&nbsp;&nbsp;&nbsp;&nbsp;&nbsp;&nbsp;&nbsp;&nbsp;&nbsp;&nbsp;&nbsp;&nbsp;&nbsp;&nbsp;&nbsp;&nbsp;&nbsp; La nouvelle Lyre Malm\u00e9dienne ou la Vie en Wallonie malm\u00e9dienne refl\u00e9t\u00e9e &nbsp;dans la chanson folklorique (&nbsp;4e partie&nbsp;).<\/p>\n\n\n\n<p>J. XHAYET&nbsp;&nbsp;&nbsp;&nbsp;&nbsp;&nbsp;&nbsp;&nbsp;&nbsp;&nbsp;&nbsp;&nbsp;&nbsp;&nbsp;&nbsp;&nbsp;&nbsp;&nbsp;&nbsp;&nbsp;&nbsp;&nbsp;&nbsp;&nbsp;&nbsp;&nbsp;&nbsp; Coutumes de mariages et censure populaire dans le canton de Malmedy (&nbsp;1\u00e8re partie&nbsp;).<\/p>\n\n\n\n<p>F. DANDRIFOSSE&nbsp;&nbsp;&nbsp;&nbsp;&nbsp;&nbsp;&nbsp;&nbsp;&nbsp;&nbsp;&nbsp;&nbsp;&nbsp;&nbsp;&nbsp;&nbsp; Le P\u00e8re G\u00c9R\u00c9ON de Malmedy, versificateur.<\/p>\n\n\n\n<p><strong><u>TOME XVII &#8211; 1953<\/u><\/strong><\/p>\n\n\n\n<p>F. BAIX &nbsp;&nbsp;&nbsp;&nbsp;&nbsp;&nbsp;&nbsp;&nbsp;&nbsp;&nbsp;&nbsp;&nbsp;&nbsp;&nbsp;&nbsp;&nbsp;&nbsp;&nbsp;&nbsp;&nbsp;&nbsp;&nbsp;&nbsp;&nbsp;&nbsp;&nbsp;&nbsp;&nbsp;&nbsp;&nbsp;&nbsp; St-Remacle et le Luxembourg.<\/p>\n\n\n\n<p>J. VANNERUS&nbsp;&nbsp;&nbsp;&nbsp;&nbsp;&nbsp;&nbsp;&nbsp;&nbsp;&nbsp;&nbsp;&nbsp;&nbsp;&nbsp;&nbsp;&nbsp;&nbsp;&nbsp;&nbsp;&nbsp;&nbsp;&nbsp; Une nouvelle g\u00e9n\u00e9alogie des DHAEM.<\/p>\n\n\n\n<p>F. DANDRIFOSSE&nbsp;&nbsp;&nbsp;&nbsp;&nbsp;&nbsp;&nbsp;&nbsp;&nbsp;&nbsp;&nbsp;&nbsp;&nbsp;&nbsp;&nbsp;&nbsp; Tractations entre les Capucins de Malmedy et de Tr\u00e8ves.<\/p>\n\n\n\n<p>R. PINON&nbsp;&nbsp;&nbsp;&nbsp;&nbsp;&nbsp;&nbsp;&nbsp;&nbsp;&nbsp;&nbsp;&nbsp;&nbsp;&nbsp;&nbsp;&nbsp;&nbsp;&nbsp;&nbsp;&nbsp;&nbsp;&nbsp;&nbsp;&nbsp;&nbsp;&nbsp;&nbsp;&nbsp;&nbsp; La nouvelle \u00ab\u00a0Lyre Malm\u00e9dienne\u00a0\u00bb ou la Vie en Wallonie malm\u00e9dienne refl\u00e9t\u00e9e &nbsp;dans la chanson folklorique (&nbsp;5\u00e8me partie&nbsp;).<\/p>\n\n\n\n<p>F. DANDRIFOSSE&nbsp;&nbsp;&nbsp;&nbsp;&nbsp;&nbsp;&nbsp;&nbsp;&nbsp;&nbsp;&nbsp;&nbsp;&nbsp;&nbsp;&nbsp;&nbsp; Statuts des m\u00e9tiers de drapiers, tanneurs et cordonniers de Stavelot.<\/p>\n\n\n\n<p>MALMEDY-FOLKLORE&nbsp;&nbsp;&nbsp;&nbsp;&nbsp;&nbsp;&nbsp;&nbsp;&nbsp; \u00a0\u00bb&nbsp;Malmedy-Folklore&nbsp;\u00a0\u00bb a 30 ans&nbsp;!<\/p>\n\n\n\n<p>LE COMIT\u00c9&nbsp;&nbsp;&nbsp;&nbsp;&nbsp;&nbsp;&nbsp;&nbsp;&nbsp;&nbsp;&nbsp;&nbsp;&nbsp;&nbsp;&nbsp;&nbsp;&nbsp;&nbsp;&nbsp;&nbsp;&nbsp;&nbsp;&nbsp;&nbsp;&nbsp;&nbsp; In Memoriam&nbsp;: Edouard LALOIRE.<\/p>\n\n\n\n<p><strong><u>TOME XVIII &#8211; 1954<\/u><\/strong><\/p>\n\n\n\n<p>G. JARBINET&nbsp;&nbsp;&nbsp;&nbsp;&nbsp;&nbsp;&nbsp;&nbsp;&nbsp;&nbsp;&nbsp;&nbsp;&nbsp;&nbsp;&nbsp;&nbsp;&nbsp;&nbsp;&nbsp;&nbsp;&nbsp;&nbsp;&nbsp; L\u2019Abb\u00e9 Charles DUBOIS n&rsquo;est plus.<\/p>\n\n\n\n<p>F. BAIX&nbsp;&nbsp;&nbsp;&nbsp;&nbsp;&nbsp;&nbsp;&nbsp;&nbsp;&nbsp;&nbsp;&nbsp;&nbsp;&nbsp;&nbsp;&nbsp;&nbsp;&nbsp;&nbsp;&nbsp;&nbsp;&nbsp;&nbsp;&nbsp;&nbsp;&nbsp;&nbsp;&nbsp;&nbsp;&nbsp;&nbsp;&nbsp; St-Remacle, culte et reliques.<\/p>\n\n\n\n<p>J. HERBILLON&nbsp;&nbsp;&nbsp;&nbsp;&nbsp;&nbsp;&nbsp;&nbsp;&nbsp;&nbsp;&nbsp;&nbsp;&nbsp;&nbsp;&nbsp;&nbsp;&nbsp;&nbsp;&nbsp;&nbsp;&nbsp; Essai sur l\u2019\u00e9tymologie de Malmedy.<\/p>\n\n\n\n<p>F. DANDRIFOSSE&nbsp;&nbsp;&nbsp;&nbsp;&nbsp;&nbsp;&nbsp;&nbsp;&nbsp;&nbsp;&nbsp;&nbsp;&nbsp;&nbsp;&nbsp;&nbsp; L&rsquo;adduction et la distribution de l\u2019eau au couvent des Capucins \u00e0 Malmedy.<\/p>\n\n\n\n<p>R. PINON&nbsp;&nbsp;&nbsp;&nbsp;&nbsp;&nbsp;&nbsp;&nbsp;&nbsp;&nbsp;&nbsp;&nbsp;&nbsp;&nbsp;&nbsp;&nbsp;&nbsp;&nbsp;&nbsp;&nbsp;&nbsp;&nbsp;&nbsp;&nbsp;&nbsp;&nbsp;&nbsp;&nbsp;&nbsp; La nouvelle \u00ab\u00a0Lyre Malm\u00e9dienne\u00a0\u00bb ou la Vie en Wallonie malm\u00e9dienne refl\u00e9t\u00e9e &nbsp;dans la chanson folklorique (&nbsp;5\u00e8me partie&nbsp;).<\/p>\n\n\n\n<p>J. XHAYET&nbsp;&nbsp;&nbsp;&nbsp;&nbsp;&nbsp;&nbsp;&nbsp;&nbsp;&nbsp;&nbsp;&nbsp;&nbsp;&nbsp;&nbsp;&nbsp;&nbsp;&nbsp;&nbsp;&nbsp;&nbsp;&nbsp;&nbsp;&nbsp;&nbsp;&nbsp;&nbsp; Coutumes de mariages et censure populaire dans le canton de Malmedy &nbsp; (&nbsp;2\u00e8me partie&nbsp;).<\/p>\n\n\n\n<p>F. DANDRIFOSSE&nbsp;&nbsp;&nbsp;&nbsp;&nbsp;&nbsp;&nbsp;&nbsp;&nbsp;&nbsp;&nbsp;&nbsp;&nbsp;&nbsp;&nbsp;&nbsp; Le testament du P\u00e8re Godefroid de Saint-Vith (1648).<\/p>\n\n\n\n<p>M. LANG&nbsp;&nbsp;&nbsp;&nbsp;&nbsp;&nbsp;&nbsp;&nbsp;&nbsp;&nbsp;&nbsp;&nbsp;&nbsp;&nbsp;&nbsp;&nbsp;&nbsp;&nbsp;&nbsp;&nbsp;&nbsp;&nbsp;&nbsp;&nbsp;&nbsp;&nbsp;&nbsp;&nbsp;&nbsp;&nbsp; Un anniversaire : Ars\u00e8ne de NO\u00dcE.<\/p>\n\n\n\n<p><strong><u>TOME XIX &#8211; 1955<\/u><\/strong><\/p>\n\n\n\n<p>F. BAIX&nbsp;&nbsp;&nbsp;&nbsp;&nbsp;&nbsp;&nbsp;&nbsp;&nbsp;&nbsp;&nbsp;&nbsp;&nbsp;&nbsp;&nbsp;&nbsp;&nbsp;&nbsp;&nbsp;&nbsp;&nbsp;&nbsp;&nbsp;&nbsp;&nbsp;&nbsp;&nbsp;&nbsp;&nbsp;&nbsp;&nbsp;&nbsp; St-Remacle : Culte et reliques (2).<\/p>\n\n\n\n<p>J. YERNAUX&nbsp;&nbsp;&nbsp;&nbsp;&nbsp;&nbsp;&nbsp;&nbsp;&nbsp;&nbsp;&nbsp;&nbsp;&nbsp;&nbsp;&nbsp;&nbsp;&nbsp;&nbsp;&nbsp;&nbsp;&nbsp;&nbsp;&nbsp;&nbsp; La Sorcellerie dans l\u2019Ardenne du Nord sous l\u2019ancien r\u00e9gime.<\/p>\n\n\n\n<p>R. PINON&nbsp;&nbsp;&nbsp;&nbsp;&nbsp;&nbsp;&nbsp;&nbsp;&nbsp;&nbsp;&nbsp;&nbsp;&nbsp;&nbsp;&nbsp;&nbsp;&nbsp;&nbsp;&nbsp;&nbsp;&nbsp;&nbsp;&nbsp;&nbsp;&nbsp;&nbsp;&nbsp;&nbsp;&nbsp; La nouvelle \u00ab\u00a0Lyre Malm\u00e9dienne\u00a0\u00bb ou la Vie en Wallonie malm\u00e9dienne refl\u00e9t\u00e9e  &nbsp;dans la chanson folklorique (&nbsp;6\u00e8me partie&nbsp;).<\/p>\n\n\n\n<p>F. DANDRIFOSSE&nbsp;&nbsp;&nbsp;&nbsp;&nbsp;&nbsp;&nbsp;&nbsp;&nbsp;&nbsp;&nbsp;&nbsp;&nbsp;&nbsp;&nbsp;&nbsp; Le testament d\u2019Anne JEANSON de Malmedy (1736).<\/p>\n\n\n\n<p>Sr. M. HERESWITHA&nbsp;&nbsp;&nbsp;&nbsp;&nbsp;&nbsp;&nbsp;&nbsp;&nbsp;&nbsp;&nbsp; Le testament de la demoiselle Catherine de WIMBOMONT.<\/p>\n\n\n\n<p>M. LANG&nbsp;&nbsp;&nbsp;&nbsp;&nbsp;&nbsp;&nbsp;&nbsp;&nbsp;&nbsp;&nbsp;&nbsp;&nbsp;&nbsp;&nbsp;&nbsp;&nbsp;&nbsp;&nbsp;&nbsp;&nbsp;&nbsp;&nbsp;&nbsp;&nbsp;&nbsp;&nbsp;&nbsp;&nbsp;&nbsp; La parent\u00e8le de la Demoiselle Catherine de WIMBOMONT. (&nbsp;Notes sur les familles DU FAZ&nbsp;; ROME&nbsp;; JASPAR&nbsp;; BOUILLON&nbsp;; REMACLE&nbsp;&nbsp;).<\/p>\n\n\n\n<p>M. LANG&nbsp;&nbsp;&nbsp;&nbsp;&nbsp;&nbsp;&nbsp;&nbsp;&nbsp;&nbsp;&nbsp;&nbsp;&nbsp;&nbsp;&nbsp;&nbsp;&nbsp;&nbsp;&nbsp;&nbsp;&nbsp;&nbsp;&nbsp;&nbsp;&nbsp;&nbsp;&nbsp;&nbsp;&nbsp;&nbsp; La famille DHAEM \u00e0 Malmedy et \u00e0 Saint-Vith. (&nbsp;Notes sur les familles BARING&nbsp;; LE LAID&nbsp;; DAVID&nbsp;).<\/p>\n\n\n\n<p>LE COMIT\u00c9&nbsp;&nbsp;&nbsp;&nbsp;&nbsp;&nbsp;&nbsp;&nbsp;&nbsp;&nbsp;&nbsp;&nbsp;&nbsp;&nbsp;&nbsp;&nbsp;&nbsp;&nbsp;&nbsp;&nbsp;&nbsp;&nbsp;&nbsp;&nbsp;&nbsp;&nbsp; N\u00e9crologie&nbsp;: Hugo KLINKE, biblioth\u00e9caire.<\/p>\n\n\n\n<p>M. LANG&nbsp;&nbsp;&nbsp;&nbsp;&nbsp;&nbsp;&nbsp;&nbsp;&nbsp;&nbsp;&nbsp;&nbsp;&nbsp;&nbsp;&nbsp;&nbsp;&nbsp;&nbsp;&nbsp;&nbsp;&nbsp;&nbsp;&nbsp;&nbsp;&nbsp;&nbsp;&nbsp;&nbsp;&nbsp;&nbsp; Louis REMACLE obtient le Prix Franqui.<\/p>\n\n\n\n<p>M. LANG&nbsp;&nbsp;&nbsp;&nbsp;&nbsp;&nbsp;&nbsp;&nbsp;&nbsp;&nbsp;&nbsp;&nbsp;&nbsp;&nbsp;&nbsp;&nbsp;&nbsp;&nbsp;&nbsp;&nbsp;&nbsp;&nbsp;&nbsp;&nbsp;&nbsp;&nbsp;&nbsp;&nbsp;&nbsp;&nbsp; Une oeuvre du peintre THOMAS \u00e0 Malmedy.<\/p>\n\n\n\n<p><strong><u>TOME XX \/ XXVII &#8211; 1956-1963<\/u><\/strong><\/p>\n\n\n\n<p>Dom MICHIELS&nbsp;&nbsp;&nbsp;&nbsp;&nbsp;&nbsp;&nbsp;&nbsp;&nbsp;&nbsp;&nbsp;&nbsp;&nbsp;&nbsp;&nbsp;&nbsp;&nbsp;&nbsp;&nbsp;&nbsp; La vie intellectuelle \u00e0 l\u2019abbaye de Stavelot durant le haut Moyen-Age (&nbsp;1<sup>\u00e8re<\/sup>&nbsp;partie&nbsp;).<\/p>\n\n\n\n<p>F. TOUSSAINT&nbsp;&nbsp;&nbsp;&nbsp;&nbsp;&nbsp;&nbsp;&nbsp;&nbsp;&nbsp;&nbsp;&nbsp;&nbsp;&nbsp;&nbsp;&nbsp;&nbsp;&nbsp;&nbsp;&nbsp;&nbsp; L\u2019ermitage de B\u00e9verc\u00e9. Les ermites. Les mariages y c\u00e9l\u00e9br\u00e9s.<\/p>\n\n\n\n<p>M. LANG&nbsp;&nbsp;&nbsp;&nbsp;&nbsp;&nbsp;&nbsp;&nbsp;&nbsp;&nbsp;&nbsp;&nbsp;&nbsp;&nbsp;&nbsp;&nbsp;&nbsp;&nbsp;&nbsp;&nbsp;&nbsp;&nbsp;&nbsp;&nbsp;&nbsp;&nbsp;&nbsp;&nbsp;&nbsp;&nbsp; G\u00e9n\u00e9alogie de la famille CAVENS (&nbsp;1<sup>\u00e8re<\/sup> partie&nbsp;).&nbsp; (&nbsp;Notes sur les familles&nbsp;: PONSART&nbsp;; d\u2019ARIMONT&nbsp;; POTESTA&nbsp;; CAFFIN&nbsp;; LIMBOURG&nbsp;; DOUTRELEPONT&nbsp;; BODESON&nbsp;; ALARD&nbsp;; GRAWET&nbsp;; DESTER&nbsp;; MOSTAERT&nbsp;; FAYMONVILLE&nbsp;).<\/p>\n\n\n\n<p><strong><u>TOME XXVIII &#8211; 1964<\/u><\/strong><\/p>\n\n\n\n<p>J. DE WALQUE et&nbsp;&nbsp;&nbsp;&nbsp;&nbsp;&nbsp;&nbsp;&nbsp;&nbsp;&nbsp;&nbsp;&nbsp;&nbsp;&nbsp;&nbsp;&nbsp; Le Chanoine Fran\u00e7ois TOUSSAINT (&nbsp;1882-1964&nbsp;).<\/p>\n\n\n\n<p>&nbsp; R. HOUART et R. ARIMONT  Bibliographie du chanoine Fran\u00e7ois TOUSSAINT.<\/p>\n\n\n\n<p>Dom G. MICHIELS&nbsp;&nbsp;&nbsp;&nbsp;&nbsp;&nbsp;&nbsp;&nbsp;&nbsp;&nbsp;&nbsp;&nbsp;&nbsp;&nbsp;&nbsp;&nbsp; La vie intellectuelle \u00e0 l\u2019abbaye de Stavelot durant le haut Moyen-\u00c2ge (&nbsp;2<sup>\u00e8me<\/sup> partie et fin&nbsp;).<\/p>\n\n\n\n<p>M. LANG&nbsp;&nbsp;&nbsp;&nbsp;&nbsp;&nbsp;&nbsp;&nbsp;&nbsp;&nbsp;&nbsp;&nbsp;&nbsp;&nbsp;&nbsp;&nbsp;&nbsp;&nbsp;&nbsp;&nbsp;&nbsp;&nbsp;&nbsp;&nbsp;&nbsp;&nbsp;&nbsp;&nbsp;&nbsp;&nbsp; G\u00e9n\u00e9alogie de la famille CAVENS (&nbsp;2\u00e8me partie&nbsp;).  (&nbsp;Notes sur les familles&nbsp;: FAYMONVILLE&nbsp;; PAQUAY&nbsp;; GRAWET&nbsp;; SCHEURETTE&nbsp;; DOUTRELEPONT&nbsp;).<\/p>\n\n\n\n<p>M. LANG&nbsp;&nbsp;&nbsp;&nbsp;&nbsp;&nbsp;&nbsp;&nbsp;&nbsp;&nbsp;&nbsp;&nbsp;&nbsp;&nbsp;&nbsp;&nbsp;&nbsp;&nbsp;&nbsp;&nbsp;&nbsp;&nbsp;&nbsp;&nbsp;&nbsp;&nbsp;&nbsp;&nbsp;&nbsp;&nbsp; A propos d\u2019une publication r\u00e9cente : la famille Saint-Vithoise Fangol. Notes sur la famille BUSCHMAN.<\/p>\n\n\n\n<p>R. HOUART&nbsp;&nbsp;&nbsp;&nbsp;&nbsp;&nbsp;&nbsp;&nbsp;&nbsp;&nbsp;&nbsp;&nbsp;&nbsp;&nbsp;&nbsp;&nbsp;&nbsp;&nbsp;&nbsp;&nbsp;&nbsp;&nbsp;&nbsp;&nbsp;&nbsp; La \u00ab\u00a0br\u00fbte\u00a0\u00bb, jeu de cartes typiquement malm\u00e9dien.<\/p>\n\n\n\n<p>R. FORGEUR&nbsp;&nbsp;&nbsp;&nbsp;&nbsp;&nbsp;&nbsp;&nbsp;&nbsp;&nbsp;&nbsp;&nbsp;&nbsp;&nbsp;&nbsp;&nbsp;&nbsp;&nbsp;&nbsp;&nbsp;&nbsp;&nbsp;&nbsp; Le cadastre th\u00e9r\u00e9sien de la seigneurie de Saint-Vith et de Murrange<\/p>\n\n\n\n<p>XXX&nbsp;&nbsp;&nbsp;&nbsp;&nbsp;&nbsp;&nbsp;&nbsp;&nbsp;&nbsp;&nbsp;&nbsp;&nbsp;&nbsp;&nbsp;&nbsp;&nbsp;&nbsp;&nbsp;&nbsp;&nbsp;&nbsp;&nbsp;&nbsp;&nbsp;&nbsp;&nbsp;&nbsp;&nbsp;&nbsp;&nbsp;&nbsp;&nbsp;&nbsp;&nbsp;&nbsp;&nbsp; In Memoriam&nbsp;: Robert Arimont.<\/p>\n\n\n\n<p><strong><u>TOME XXIX &#8211; 1965<\/u><\/strong><\/p>\n\n\n\n<p>M. LANG&nbsp;&nbsp;&nbsp;&nbsp;&nbsp;&nbsp;&nbsp;&nbsp;&nbsp;&nbsp;&nbsp;&nbsp;&nbsp;&nbsp;&nbsp;&nbsp;&nbsp;&nbsp;&nbsp;&nbsp;&nbsp;&nbsp;&nbsp;&nbsp;&nbsp;&nbsp;&nbsp;&nbsp;&nbsp;&nbsp; G\u00e9n\u00e9alogie de la famille CAVENS (&nbsp;3\u00e8me partie et fin&nbsp;). (&nbsp;Notes sur les  familles MASSANGE&nbsp;; NICOLAY&nbsp;; DOUTRELEPONT&nbsp;; CLOSE&nbsp;; de MEULEMEESTER&nbsp;; VILLERS&nbsp;; LEGRAND&nbsp;; LELOUP&nbsp;;STEINBACH&nbsp;; POTESTA&nbsp;; de la SAULX.&nbsp;).<\/p>\n\n\n\n<p>W. KAEFER&nbsp;&nbsp;&nbsp;&nbsp;&nbsp;&nbsp;&nbsp;&nbsp;&nbsp;&nbsp;&nbsp;&nbsp;&nbsp;&nbsp;&nbsp;&nbsp;&nbsp;&nbsp;&nbsp;&nbsp;&nbsp;&nbsp;&nbsp;&nbsp;&nbsp;&nbsp; T\u00e9moins muets du pass\u00e9. Croix vicinales de la r\u00e9gion de Malmedy. &nbsp; &nbsp;Epigraphie. 1\u00e8re partie : Commune de B\u00e9verc\u00e9.<\/p>\n\n\n\n<p>J. BREUER&nbsp;&nbsp;&nbsp;&nbsp;&nbsp;&nbsp;&nbsp;&nbsp;&nbsp;&nbsp;&nbsp;&nbsp;&nbsp;&nbsp;&nbsp;&nbsp;&nbsp;&nbsp;&nbsp;&nbsp;&nbsp;&nbsp;&nbsp;&nbsp;&nbsp;&nbsp; B.J. Dotrenge, l\u2019abb\u00e9 Bartholemy et les Hongrois. Une conspiration en 1787 &#8211; 1789 ?<\/p>\n\n\n\n<p>M. LANG&nbsp;&nbsp;&nbsp;&nbsp;&nbsp;&nbsp;&nbsp;&nbsp;&nbsp;&nbsp;&nbsp;&nbsp;&nbsp;&nbsp;&nbsp;&nbsp;&nbsp;&nbsp;&nbsp;&nbsp;&nbsp;&nbsp;&nbsp;&nbsp;&nbsp;&nbsp;&nbsp;&nbsp;&nbsp;&nbsp; La famille BARTHOLEMY \u00e0 Malmedy.<\/p>\n\n\n\n<p>MALMEDY-FOLKLORE&nbsp;&nbsp;&nbsp;&nbsp;&nbsp;&nbsp;&nbsp;&nbsp;&nbsp; A propos d\u2019une aimable recension. Pol\u00e9mique avec E. Legros.<\/p>\n\n\n\n<p>M. LANG&nbsp;&nbsp;&nbsp;&nbsp;&nbsp;&nbsp;&nbsp;&nbsp;&nbsp;&nbsp;&nbsp;&nbsp;&nbsp;&nbsp;&nbsp;&nbsp;&nbsp;&nbsp;&nbsp;&nbsp;&nbsp;&nbsp;&nbsp;&nbsp;&nbsp;&nbsp;&nbsp;&nbsp;&nbsp;&nbsp; A propos de la chapelle Saint-Antoine du couvent des Capucins de Malmedy.<\/p>\n\n\n\n<p><strong><u>TOME XXX- 1966<\/u><\/strong><\/p>\n\n\n\n<p>G. HANSOTTE&nbsp;&nbsp;&nbsp;&nbsp;&nbsp;&nbsp;&nbsp;&nbsp;&nbsp;&nbsp;&nbsp;&nbsp;&nbsp;&nbsp;&nbsp;&nbsp;&nbsp;&nbsp;&nbsp;&nbsp;&nbsp; L\u2019organisation administrative des communaut\u00e9s rurales du pays de Stavelot &nbsp;aux temps modernes.<\/p>\n\n\n\n<p>M. LANG&nbsp;&nbsp;&nbsp;&nbsp;&nbsp;&nbsp;&nbsp;&nbsp;&nbsp;&nbsp;&nbsp;&nbsp;&nbsp;&nbsp;&nbsp;&nbsp;&nbsp;&nbsp;&nbsp;&nbsp;&nbsp;&nbsp;&nbsp;&nbsp;&nbsp;&nbsp;&nbsp;&nbsp;&nbsp;&nbsp; Gloses \u00e0 propos du drapeau malm\u00e9dien.<\/p>\n\n\n\n<p>J. PIEYNS&nbsp;&nbsp;&nbsp;&nbsp;&nbsp;&nbsp;&nbsp;&nbsp;&nbsp;&nbsp;&nbsp;&nbsp;&nbsp;&nbsp;&nbsp;&nbsp;&nbsp;&nbsp;&nbsp;&nbsp;&nbsp;&nbsp;&nbsp;&nbsp;&nbsp;&nbsp;&nbsp;&nbsp; Les fluctuations d\u2019un revenu seigneurial du XVI\u00e8 au XVIII\u00e8me si\u00e8cle. Les moulins de Saint-Vith et B\u00fctgenbach.<\/p>\n\n\n\n<p>X. ZANDER&nbsp;&nbsp;&nbsp;&nbsp;&nbsp;&nbsp;&nbsp;&nbsp;&nbsp;&nbsp;&nbsp;&nbsp;&nbsp;&nbsp;&nbsp;&nbsp;&nbsp;&nbsp;&nbsp;&nbsp;&nbsp;&nbsp;&nbsp;&nbsp;&nbsp;&nbsp; Petite \u00e9tude historique sur l\u2019ancienne chapelle de Ligneuville.<\/p>\n\n\n\n<p>X. ZANDER&nbsp;&nbsp;&nbsp;&nbsp;&nbsp;&nbsp;&nbsp;&nbsp;&nbsp;&nbsp;&nbsp;&nbsp;&nbsp;&nbsp;&nbsp;&nbsp;&nbsp;&nbsp;&nbsp;&nbsp;&nbsp;&nbsp;&nbsp;&nbsp;&nbsp;&nbsp; La chapelle Saint-Donat \u00e0 Pont.<\/p>\n\n\n\n<p>W. KAEFER&nbsp;&nbsp;&nbsp;&nbsp;&nbsp;&nbsp;&nbsp;&nbsp;&nbsp;&nbsp;&nbsp;&nbsp;&nbsp;&nbsp;&nbsp;&nbsp;&nbsp;&nbsp;&nbsp;&nbsp;&nbsp;&nbsp;&nbsp;&nbsp;&nbsp;&nbsp; La chapelle Saint-Antoine \u00e0 B\u00e9verc\u00e9.<\/p>\n\n\n\n<p>M. LANG&nbsp;&nbsp;&nbsp;&nbsp;&nbsp;&nbsp;&nbsp;&nbsp;&nbsp;&nbsp;&nbsp;&nbsp;&nbsp;&nbsp;&nbsp;&nbsp;&nbsp;&nbsp;&nbsp;&nbsp;&nbsp;&nbsp;&nbsp;&nbsp;&nbsp;&nbsp;&nbsp;&nbsp;&nbsp;&nbsp; L\u2019ascendance du peintre Alexandre Thomas (&nbsp;1810 &#8211; 1898&nbsp;) (&nbsp;Notes sur les famille&nbsp;: Wathelet&nbsp;; Martin dit Lejoly&nbsp;; Limbourg&nbsp;; Bragard&nbsp;; Cavens&nbsp;).<\/p>\n\n\n\n<p>M. LANG&nbsp;&nbsp;&nbsp;&nbsp;&nbsp;&nbsp;&nbsp;&nbsp;&nbsp;&nbsp;&nbsp;&nbsp;&nbsp;&nbsp;&nbsp;&nbsp;&nbsp;&nbsp;&nbsp;&nbsp;&nbsp;&nbsp;&nbsp;&nbsp;&nbsp;&nbsp;&nbsp;&nbsp;&nbsp;&nbsp; Un apport \u00e0 l\u2019\u00e9pitaphier ancien de Malmedy. La dalle fun\u00e9raire d\u2019un Pater des S\u00e9pulchrines de Malmedy retrouv\u00e9e. Notes sur la famille LOHET.<\/p>\n\n\n\n<p>R. CHRISTOPHE&nbsp;&nbsp;&nbsp;&nbsp;&nbsp;&nbsp;&nbsp;&nbsp;&nbsp;&nbsp;&nbsp;&nbsp;&nbsp;&nbsp;&nbsp;&nbsp;&nbsp;&nbsp; La borne n\u00b0&nbsp;1 Stavelot-Luxembourg.<\/p>\n\n\n\n<p>MALMEDY-FOLKLORE&nbsp;&nbsp;&nbsp;&nbsp;&nbsp;&nbsp;&nbsp;&nbsp;&nbsp; Comment l\u2019abb\u00e9 Dubois devint professeur \u00e0 Malmedy.<\/p>\n\n\n\n<p>MALMEDY-FOLKLORE&nbsp;&nbsp;&nbsp;&nbsp;&nbsp;&nbsp;&nbsp;&nbsp;&nbsp; D\u2019une recension \u00e0 l\u2019autre (&nbsp;pol\u00e9mique avec Elys\u00e9e Legros&nbsp;).<\/p>\n\n\n\n<p>MALMEDY-FOLKLORE&nbsp;&nbsp;&nbsp;&nbsp;&nbsp;&nbsp;&nbsp;&nbsp;&nbsp; Quelques notes sur la g\u00e9ologie et la flore de Malmedy.<\/p>\n\n\n\n<p><strong><u>TOME XXXI &#8211; 1967<\/u><\/strong><\/p>\n\n\n\n<p>J. de WALQUE&nbsp;&nbsp;&nbsp;&nbsp;&nbsp;&nbsp;&nbsp;&nbsp;&nbsp;&nbsp;&nbsp;&nbsp;&nbsp;&nbsp;&nbsp;&nbsp;&nbsp;&nbsp;&nbsp;&nbsp;&nbsp; Les limites m\u00e9rovingiennes de l\u2019abbaye de Stavelot-Malmedy (&nbsp;1\u00e8re&nbsp;partie&nbsp;).<\/p>\n\n\n\n<p>M. LANG&nbsp;&nbsp;&nbsp;&nbsp;&nbsp;&nbsp;&nbsp;&nbsp;&nbsp;&nbsp;&nbsp;&nbsp;&nbsp;&nbsp;&nbsp;&nbsp;&nbsp;&nbsp;&nbsp;&nbsp;&nbsp;&nbsp;&nbsp;&nbsp;&nbsp;&nbsp;&nbsp;&nbsp;&nbsp;&nbsp; Descendants malm\u00e9diens de Charlemagne. (&nbsp;Notes sur les familles&nbsp;: de la  Neuforge&nbsp;; de Noirfalize&nbsp;; Potesta&nbsp;; Grawet&nbsp;; de Limbourg&nbsp;; Doutrelepont&nbsp;; Sutter&nbsp;; Charlier&nbsp;).<\/p>\n\n\n\n<p>R. CHRISTOPHE&nbsp;&nbsp;&nbsp;&nbsp;&nbsp;&nbsp;&nbsp;&nbsp;&nbsp;&nbsp;&nbsp;&nbsp;&nbsp;&nbsp;&nbsp;&nbsp;&nbsp;&nbsp; R\u00e9troactes d\u2019une rectification de fronti\u00e8re entre Stavelot et Malmedy<\/p>\n\n\n\n<p>X. ZANDER&nbsp;&nbsp;&nbsp;&nbsp;&nbsp;&nbsp;&nbsp;&nbsp;&nbsp;&nbsp;&nbsp;&nbsp;&nbsp;&nbsp;&nbsp;&nbsp;&nbsp;&nbsp;&nbsp;&nbsp;&nbsp;&nbsp;&nbsp;&nbsp;&nbsp;&nbsp; No\u00fb-Molin.<\/p>\n\n\n\n<p>M. LANG&nbsp;&nbsp;&nbsp;&nbsp;&nbsp;&nbsp;&nbsp;&nbsp;&nbsp;&nbsp;&nbsp;&nbsp;&nbsp;&nbsp;&nbsp;&nbsp;&nbsp;&nbsp;&nbsp;&nbsp;&nbsp;&nbsp;&nbsp;&nbsp;&nbsp;&nbsp;&nbsp;&nbsp;&nbsp;&nbsp; Les meuniers-censiers du Neumoulin. Familles BODESON dit du&nbsp;&nbsp;&nbsp;&nbsp;&nbsp;&nbsp; &nbsp;NEUMOULIN, et PONCIN.<\/p>\n\n\n\n<p>R.THISSE-DE-ROUETTE&nbsp;&nbsp;&nbsp;&nbsp;&nbsp; L\u2019ivrogne et l\u2019hypocrite.<\/p>\n\n\n\n<p>M. LANG&nbsp;&nbsp;&nbsp;&nbsp;&nbsp;&nbsp;&nbsp;&nbsp;&nbsp;&nbsp;&nbsp;&nbsp;&nbsp;&nbsp;&nbsp;&nbsp;&nbsp;&nbsp;&nbsp;&nbsp;&nbsp;&nbsp;&nbsp;&nbsp;&nbsp;&nbsp;&nbsp;&nbsp;&nbsp;&nbsp; La qu\u00eate du miracle. Notre-Dame des Malades \u00e0 Malmedy, invoqu\u00e9e pour donner vie aux enfants n\u00e9s morts.<\/p>\n\n\n\n<p>J. DOUTRELEPONT&nbsp;&nbsp;&nbsp;&nbsp;&nbsp;&nbsp;&nbsp;&nbsp;&nbsp;&nbsp;&nbsp;&nbsp;&nbsp; Inventaire d\u00e9taill\u00e9 du mobilier d\u2019une maison patricienne de Malmedy en 1845 &nbsp; (&nbsp;Louis-Eug\u00e8ne Cavens-Scheurette&nbsp;).<\/p>\n\n\n\n<p>X. ZANDER&nbsp;&nbsp;&nbsp;&nbsp;&nbsp;&nbsp;&nbsp;&nbsp;&nbsp;&nbsp;&nbsp;&nbsp;&nbsp;&nbsp;&nbsp;&nbsp;&nbsp;&nbsp;&nbsp;&nbsp;&nbsp;&nbsp;&nbsp;&nbsp;&nbsp;&nbsp; \u00ab\u00a0Tr\u00f4 des Poies\u00a0\u00bb.<\/p>\n\n\n\n<p>M. LANG&nbsp;&nbsp;&nbsp;&nbsp;&nbsp;&nbsp;&nbsp;&nbsp;&nbsp;&nbsp;&nbsp;&nbsp;&nbsp;&nbsp;&nbsp;&nbsp;&nbsp;&nbsp;&nbsp;&nbsp;&nbsp;&nbsp;&nbsp;&nbsp;&nbsp;&nbsp;&nbsp;&nbsp;&nbsp;&nbsp; Croix de Malm\u00e9diens morts en voyage (&nbsp;Jean DU PREZ, J. PIRET&nbsp;).<\/p>\n\n\n\n<p><strong><u>TOME XXXII &#8211; 1968<\/u><\/strong><\/p>\n\n\n\n<p>J. de WALQUE&nbsp;&nbsp;&nbsp;&nbsp;&nbsp;&nbsp;&nbsp;&nbsp;&nbsp;&nbsp;&nbsp;&nbsp;&nbsp;&nbsp;&nbsp;&nbsp;&nbsp;&nbsp;&nbsp;&nbsp;&nbsp; Les limites m\u00e9rovingiennes de l\u2019abbaye de Stavelot-Malmedy (&nbsp;2<sup>\u00e8me<\/sup>&nbsp;partie&nbsp;).<\/p>\n\n\n\n<p>G. HANSOTTE&nbsp;&nbsp;&nbsp;&nbsp;&nbsp;&nbsp;&nbsp;&nbsp;&nbsp;&nbsp;&nbsp;&nbsp;&nbsp;&nbsp;&nbsp;&nbsp;&nbsp;&nbsp;&nbsp;&nbsp;&nbsp; La m\u00e9tallurgie dans les bassins de l&rsquo;Ambl\u00e8ve et de l&rsquo;Ourthe.<\/p>\n\n\n\n<p>(+) F. TOUSSAINT&nbsp;&nbsp;&nbsp;&nbsp;&nbsp;&nbsp;&nbsp;&nbsp;&nbsp;&nbsp;&nbsp;&nbsp;&nbsp;&nbsp;&nbsp; Un proc\u00e8s de sorcellerie \u00e0 Waimes en 1679.<\/p>\n\n\n\n<p>M. LANG&nbsp;&nbsp;&nbsp;&nbsp;&nbsp;&nbsp;&nbsp;&nbsp;&nbsp;&nbsp;&nbsp;&nbsp;&nbsp;&nbsp;&nbsp;&nbsp;&nbsp;&nbsp;&nbsp;&nbsp;&nbsp;&nbsp;&nbsp;&nbsp;&nbsp;&nbsp;&nbsp;&nbsp;&nbsp;&nbsp; Les quartiers d\u2019ascendance de Marie Anne LIBERT.<\/p>\n\n\n\n<p>M. LANG&nbsp;&nbsp;&nbsp;&nbsp;&nbsp;&nbsp;&nbsp;&nbsp;&nbsp;&nbsp;&nbsp;&nbsp;&nbsp;&nbsp;&nbsp;&nbsp;&nbsp;&nbsp;&nbsp;&nbsp;&nbsp;&nbsp;&nbsp;&nbsp;&nbsp;&nbsp;&nbsp;&nbsp;&nbsp;&nbsp; Les meuniers-censiers de Neumoulin \u00e0 Bellevaux (&nbsp;compl\u00e9ment&nbsp;).<\/p>\n\n\n\n<p>R.THISSE-DE-ROUETTE&nbsp;&nbsp;&nbsp;&nbsp;&nbsp; Eug\u00e9nie, les larmes aux yeux.<\/p>\n\n\n\n<p><strong><u>TOME XXXIII &#8211; 1969<\/u><\/strong><\/p>\n\n\n\n<p>M. LANG&nbsp;&nbsp;&nbsp;&nbsp;&nbsp;&nbsp;&nbsp;&nbsp;&nbsp;&nbsp;&nbsp;&nbsp;&nbsp;&nbsp;&nbsp;&nbsp;&nbsp;&nbsp;&nbsp;&nbsp;&nbsp;&nbsp;&nbsp;&nbsp;&nbsp;&nbsp;&nbsp;&nbsp;&nbsp;&nbsp; Deux anciennes chroniques malm\u00e9diennes et leurs auteurs. (&nbsp;Notes sur les familles SERVAIS&nbsp;; VILLERS&nbsp;; LACAILLE&nbsp;).<\/p>\n\n\n\n<p>Fr\u00e8re L. MEESSEN&nbsp;&nbsp;&nbsp;&nbsp;&nbsp;&nbsp;&nbsp;&nbsp;&nbsp;&nbsp;&nbsp;&nbsp;&nbsp;&nbsp;&nbsp; Les cinquante moines de Stavelot-Malmedy qui ont surv\u00e9cu \u00e0 la R\u00e9volution.  Que sont-ils devenus ? (&nbsp;1<sup>\u00e8re<\/sup> partie&nbsp;).<\/p>\n\n\n\n<p>M. LANG&nbsp;&nbsp;&nbsp;&nbsp;&nbsp;&nbsp;&nbsp;&nbsp;&nbsp;&nbsp;&nbsp;&nbsp;&nbsp;&nbsp;&nbsp;&nbsp;&nbsp;&nbsp;&nbsp;&nbsp;&nbsp;&nbsp;&nbsp;&nbsp;&nbsp;&nbsp;&nbsp;&nbsp;&nbsp;&nbsp; Gilles-Joseph LEJONCQUE, m\u00e9canicien, constructeur du carillon de la  Cath\u00e9drale de Malmedy et sa famille.<\/p>\n\n\n\n<p>P.H. CHAIX&nbsp;&nbsp;&nbsp;&nbsp;&nbsp;&nbsp;&nbsp;&nbsp;&nbsp;&nbsp;&nbsp;&nbsp;&nbsp;&nbsp;&nbsp;&nbsp;&nbsp;&nbsp;&nbsp;&nbsp;&nbsp;&nbsp;&nbsp;&nbsp;&nbsp;&nbsp; A l\u2019enseigne du \u00ab\u00a0Vieux Marquis\u00a0\u00bb. 1<sup>\u00e8re<\/sup> partie : Charles d\u2019Armand, marquis de BRION : Ascendance et descendance.<\/p>\n\n\n\n<p>R. CHRISTOPHE&nbsp;&nbsp;&nbsp;&nbsp;&nbsp;&nbsp;&nbsp;&nbsp;&nbsp;&nbsp;&nbsp;&nbsp;&nbsp;&nbsp;&nbsp;&nbsp;&nbsp;&nbsp; Les origines de Waimes.<\/p>\n\n\n\n<p>W. KAEFER&nbsp;&nbsp;&nbsp;&nbsp;&nbsp;&nbsp;&nbsp;&nbsp;&nbsp;&nbsp;&nbsp;&nbsp;&nbsp;&nbsp;&nbsp;&nbsp;&nbsp;&nbsp;&nbsp;&nbsp;&nbsp;&nbsp;&nbsp;&nbsp;&nbsp;&nbsp; Croix vicinales de la r\u00e9gion de Malmedy. Epigraphie. &nbsp;&nbsp; 2<sup>\u00e8me<\/sup> partie : Commune de Waimes.  3<sup>\u00e8me<\/sup> partie : Commune de Faymonville.<\/p>\n\n\n\n<p>M. LANG, X. ZANDER&nbsp;&nbsp;&nbsp;&nbsp;&nbsp;&nbsp;&nbsp;&nbsp;&nbsp;&nbsp; Archives peu ou pas connues de l\u2019\u00c9tat-civil ancien : Bellevaux.<\/p>\n\n\n\n<p>R.THISSE-DE-ROUETTE&nbsp;&nbsp;&nbsp;&nbsp;&nbsp; Chansons traditionnelles. A propos d&rsquo; <em>\u00a0\u00bb&nbsp;Eug\u00e9nie les larm&rsquo;s aux yeux<\/em>&nbsp;\u00ab\u00a0.<\/p>\n\n\n\n<p>J. ZIMMERMANN&nbsp;&nbsp;&nbsp;&nbsp;&nbsp;&nbsp;&nbsp;&nbsp;&nbsp;&nbsp;&nbsp;&nbsp;&nbsp;&nbsp;&nbsp;&nbsp;&nbsp; L\u2019Eifel, espace naturel et vital.<\/p>\n\n\n\n<p>J. FRAIKIN&nbsp;&nbsp;&nbsp;&nbsp;&nbsp;&nbsp;&nbsp;&nbsp;&nbsp;&nbsp;&nbsp;&nbsp;&nbsp;&nbsp;&nbsp;&nbsp;&nbsp;&nbsp;&nbsp;&nbsp;&nbsp;&nbsp;&nbsp;&nbsp;&nbsp;&nbsp;&nbsp; Note relative \u00e0 la papeterie des moines \u00e0 Malmedy.<\/p>\n\n\n\n<p><strong><u>TOME XXXIV \/ XXXVI &#8211; 1970-1972<\/u><\/strong><\/p>\n\n\n\n<p>MALMEDY-FOLKLORE&nbsp;&nbsp;&nbsp;&nbsp;&nbsp;&nbsp;&nbsp;&nbsp;&nbsp; A nos membres (&nbsp;le cinquanti\u00e8me anniversaire&nbsp;).<\/p>\n\n\n\n<p>M. LANG&nbsp;&nbsp;&nbsp;&nbsp;&nbsp;&nbsp;&nbsp;&nbsp;&nbsp;&nbsp;&nbsp;&nbsp;&nbsp;&nbsp;&nbsp;&nbsp;&nbsp;&nbsp;&nbsp;&nbsp;&nbsp;&nbsp;&nbsp;&nbsp;&nbsp;&nbsp;&nbsp;&nbsp;&nbsp;&nbsp; Une expression impropre qui a la vie dure : \u00ab\u00a0<em>les Cantons R\u00e9dim\u00e9s<\/em>\u00ab\u00a0.<\/p>\n\n\n\n<p>Fr\u00e8re. L. MEESSEN&nbsp;&nbsp;&nbsp;&nbsp;&nbsp;&nbsp;&nbsp;&nbsp;&nbsp;&nbsp;&nbsp;&nbsp;&nbsp;&nbsp; Les cinquante moines de Stavelot-Malmedy qui ont surv\u00e9cu \u00e0 la R\u00e9volution.  Que sont-ils devenus ? (&nbsp;2<sup>\u00e8me<\/sup> partie&nbsp;).<\/p>\n\n\n\n<p>E. HELIN&nbsp;&nbsp;&nbsp;&nbsp;&nbsp;&nbsp;&nbsp;&nbsp;&nbsp;&nbsp;&nbsp;&nbsp;&nbsp;&nbsp;&nbsp;&nbsp;&nbsp;&nbsp;&nbsp;&nbsp;&nbsp;&nbsp;&nbsp;&nbsp;&nbsp;&nbsp;&nbsp;&nbsp;&nbsp;&nbsp; Les jeux de Spa : int\u00e9r\u00eats mat\u00e9riels et controverses doctrinales aux origines d\u2019une r\u00e9volution.<\/p>\n\n\n\n<p>P.H. CHAIX et M. LANG&nbsp;&nbsp;&nbsp;&nbsp;&nbsp;&nbsp;&nbsp;&nbsp; A l&rsquo;enseigne du \u00ab\u00a0Vieux Marquis\u00a0\u00bb (&nbsp;2<sup>\u00e8me<\/sup> partie&nbsp;).<\/p>\n\n\n\n<p>A. DUCHESNE&nbsp;&nbsp;&nbsp;&nbsp;&nbsp;&nbsp;&nbsp;&nbsp;&nbsp;&nbsp;&nbsp;&nbsp;&nbsp;&nbsp;&nbsp;&nbsp;&nbsp;&nbsp;&nbsp;&nbsp;&nbsp; Les Gardes d&rsquo;honneur de l\u2019arrondissement de Malmedy.<\/p>\n\n\n\n<p>R. CHRISTOPHE&nbsp;&nbsp;&nbsp;&nbsp;&nbsp;&nbsp;&nbsp;&nbsp;&nbsp;&nbsp;&nbsp;&nbsp;&nbsp;&nbsp;&nbsp;&nbsp;&nbsp;&nbsp; L\u2019abornement Stabuleto-Luxembourgeois de 1756 &#8211; Deux cartes<\/p>\n\n\n\n<p>R.THISSE-DE-ROUETTE&nbsp;&nbsp;&nbsp;&nbsp;&nbsp; I.&nbsp; L\u2019ivrogne et l\u2019hypocrite.  &nbsp; II. Chansons de m\u00e9tiers.<\/p>\n\n\n\n<p>M. LANG&nbsp;&nbsp;&nbsp;&nbsp;&nbsp;&nbsp;&nbsp;&nbsp;&nbsp;&nbsp;&nbsp;&nbsp;&nbsp;&nbsp;&nbsp;&nbsp;&nbsp;&nbsp;&nbsp;&nbsp;&nbsp;&nbsp;&nbsp;&nbsp;&nbsp;&nbsp;&nbsp;&nbsp;&nbsp;&nbsp; Notre-Dame-des-Malades \u00e0 Malmedy. Iconographie.<\/p>\n\n\n\n<p>M. LANG&nbsp;&nbsp;&nbsp;&nbsp;&nbsp;&nbsp;&nbsp;&nbsp;&nbsp;&nbsp;&nbsp;&nbsp;&nbsp;&nbsp;&nbsp;&nbsp;&nbsp;&nbsp;&nbsp;&nbsp;&nbsp;&nbsp;&nbsp;&nbsp;&nbsp;&nbsp;&nbsp;&nbsp;&nbsp;&nbsp; Les registres paroissiaux protestants des cantons de l\u2019Est.<\/p>\n\n\n\n<p>MALMEDY-FOLKLORE&nbsp;&nbsp;&nbsp;&nbsp;&nbsp;&nbsp;&nbsp;&nbsp;&nbsp; Les nouveaux statuts de Malmedy-Folklore.<\/p>\n\n\n\n<p><strong><u>TOME XXXVII \u00e0 XXXIX &#8211; 1973 \u00e0 1975<\/u><\/strong><\/p>\n\n\n\n<p>MALMEDY-FOLKLORE&nbsp;&nbsp;&nbsp;&nbsp;&nbsp;&nbsp;&nbsp;&nbsp;&nbsp; In Memoriam&nbsp;: Maurice Lang.<\/p>\n\n\n\n<p>J. de WALQUE&nbsp;&nbsp;&nbsp;&nbsp;&nbsp;&nbsp;&nbsp;&nbsp;&nbsp;&nbsp;&nbsp;&nbsp;&nbsp;&nbsp;&nbsp;&nbsp;&nbsp;&nbsp;&nbsp;&nbsp;&nbsp; Les limites m\u00e9rovingiennes de l\u2019abbaye de Stavelot-Malmedy (&nbsp;3<sup>\u00e8me<\/sup>&nbsp;partie&nbsp;).<\/p>\n\n\n\n<p>W. KAEFER&nbsp;&nbsp;&nbsp;&nbsp;&nbsp;&nbsp;&nbsp;&nbsp;&nbsp;&nbsp;&nbsp;&nbsp;&nbsp;&nbsp;&nbsp;&nbsp;&nbsp;&nbsp;&nbsp;&nbsp;&nbsp;&nbsp;&nbsp;&nbsp;&nbsp;&nbsp; T\u00e9moins muets du pass\u00e9. Croix vicinales de la r\u00e9gion de Malmedy. &nbsp;Epigraphie. 4<sup>\u00e8me<\/sup> partie : Commune de Bellevaux-Ligneuville<\/p>\n\n\n\n<p>F. TOUSSAINT&nbsp;&nbsp;&nbsp;&nbsp;&nbsp;&nbsp;&nbsp;&nbsp;&nbsp;&nbsp;&nbsp;&nbsp;&nbsp;&nbsp;&nbsp;&nbsp;&nbsp;&nbsp;&nbsp;&nbsp;&nbsp; R\u00e9nast\u00e8ne (&nbsp;1\u00e8re partie&nbsp;).<\/p>\n\n\n\n<p>R.THISSE-DE-ROUETTE&nbsp;&nbsp;&nbsp;&nbsp;&nbsp; Lu marih\u00e2- Lu djowe\u00fb d&rsquo;viol\u00f4gn.<\/p>\n\n\n\n<p>X. ZANDER&nbsp;&nbsp;&nbsp;&nbsp;&nbsp;&nbsp;&nbsp;&nbsp;&nbsp;&nbsp;&nbsp;&nbsp;&nbsp;&nbsp;&nbsp;&nbsp;&nbsp;&nbsp;&nbsp;&nbsp;&nbsp;&nbsp;&nbsp;&nbsp;&nbsp;&nbsp; Agression en Fagne.<\/p>\n\n\n\n<p><strong><u>TOME XL &#8211; 1976<\/u><\/strong><\/p>\n\n\n\n<p>J. de WALQUE&nbsp;&nbsp;&nbsp;&nbsp;&nbsp;&nbsp;&nbsp;&nbsp;&nbsp;&nbsp;&nbsp;&nbsp;&nbsp;&nbsp;&nbsp;&nbsp;&nbsp;&nbsp;&nbsp;&nbsp;&nbsp; Les limites m\u00e9rovingiennes de l\u2019abbaye de Stavelot-Malmedy (&nbsp;4\u00e8me&nbsp;partie&nbsp;).<\/p>\n\n\n\n<p>F. TOUSSAINT&nbsp;&nbsp;&nbsp;&nbsp;&nbsp;&nbsp;&nbsp;&nbsp;&nbsp;&nbsp;&nbsp;&nbsp;&nbsp;&nbsp;&nbsp;&nbsp;&nbsp;&nbsp;&nbsp;&nbsp;&nbsp; R\u00e9nast\u00e8ne (&nbsp;2\u00e8me partie&nbsp;).<\/p>\n\n\n\n<p>R.THISSE-DE-ROUETTE&nbsp;&nbsp;&nbsp;&nbsp;&nbsp; L\u00e8s v\u00e8pes du Tav\u00e8rne\u00fbx<\/p>\n\n\n\n<p>L. HALLEUX&nbsp;&nbsp;&nbsp;&nbsp;&nbsp;&nbsp;&nbsp;&nbsp;&nbsp;&nbsp;&nbsp;&nbsp;&nbsp;&nbsp;&nbsp;&nbsp;&nbsp;&nbsp;&nbsp;&nbsp;&nbsp;&nbsp;&nbsp;&nbsp;&nbsp; Tribol\u00e8dje.<\/p>\n\n\n\n<p>J. WINANDY, O.S.B.&nbsp;&nbsp;&nbsp;&nbsp;&nbsp;&nbsp;&nbsp;&nbsp;&nbsp;&nbsp;&nbsp;&nbsp; \u00c9r\u00e9mitisme aujourd\u2019hui.<\/p>\n\n\n\n<p><strong><u>TOME XLI &#8211; 1977<\/u><\/strong><\/p>\n\n\n\n<p>R. CHRISTOPHE&nbsp;&nbsp;&nbsp;&nbsp;&nbsp;&nbsp;&nbsp;&nbsp;&nbsp;&nbsp;&nbsp;&nbsp;&nbsp;&nbsp;&nbsp;&nbsp;&nbsp;&nbsp; Gr\u00e8t\u00e8dar : Porte puis Halle.<\/p>\n\n\n\n<p>Fr\u00e8re R. MEESSEN&nbsp;&nbsp;&nbsp;&nbsp;&nbsp;&nbsp;&nbsp;&nbsp;&nbsp;&nbsp;&nbsp;&nbsp;&nbsp;&nbsp; Les cinquante moines de Stavelot-Malmedy qui ont surv\u00e9cu \u00e0 la R\u00e9volution.  Que sont-ils devenus ? (&nbsp;3\u00e8me partie&nbsp;).<\/p>\n\n\n\n<p>L. MARQUET&nbsp;&nbsp;&nbsp;&nbsp;&nbsp;&nbsp;&nbsp;&nbsp;&nbsp;&nbsp;&nbsp;&nbsp;&nbsp;&nbsp;&nbsp;&nbsp;&nbsp;&nbsp;&nbsp;&nbsp;&nbsp;&nbsp;&nbsp; Le jeu de la charrue \u00e0 Recht.<\/p>\n\n\n\n<p>L. HALLEUX&nbsp;&nbsp;&nbsp;&nbsp;&nbsp;&nbsp;&nbsp;&nbsp;&nbsp;&nbsp;&nbsp;&nbsp;&nbsp;&nbsp;&nbsp;&nbsp;&nbsp;&nbsp;&nbsp;&nbsp;&nbsp;&nbsp;&nbsp;&nbsp;&nbsp; Les septante-cinq ans de l\u2019H\u00f4tel de Ville de Malmedy.<\/p>\n\n\n\n<p>L. HALLEUX&nbsp;&nbsp;&nbsp;&nbsp;&nbsp;&nbsp;&nbsp;&nbsp;&nbsp;&nbsp;&nbsp;&nbsp;&nbsp;&nbsp;&nbsp;&nbsp;&nbsp;&nbsp;&nbsp;&nbsp;&nbsp;&nbsp;&nbsp;&nbsp;&nbsp; L\u2019ancien h\u00f4pital Saint-Joseph.<\/p>\n\n\n\n<p>R. CHRISTOPHE&nbsp;&nbsp;&nbsp;&nbsp;&nbsp;&nbsp;&nbsp;&nbsp;&nbsp;&nbsp;&nbsp;&nbsp;&nbsp;&nbsp;&nbsp;&nbsp;&nbsp;&nbsp; Les anciens chemins.<\/p>\n\n\n\n<p><strong><u>TOME XLII &#8211; 1978<\/u><\/strong><\/p>\n\n\n\n<p>MALMEDY-FOLKLORE&nbsp;&nbsp;&nbsp;&nbsp;&nbsp;&nbsp;&nbsp;&nbsp;&nbsp; In Memoriam&nbsp;: Jean de Walque.<\/p>\n\n\n\n<p>W. KAEFER&nbsp;&nbsp;&nbsp;&nbsp;&nbsp;&nbsp;&nbsp;&nbsp;&nbsp;&nbsp;&nbsp;&nbsp;&nbsp;&nbsp;&nbsp;&nbsp;&nbsp;&nbsp;&nbsp;&nbsp;&nbsp;&nbsp;&nbsp;&nbsp;&nbsp;&nbsp; T\u00e9moins muets du pass\u00e9. Croix vicinales de la r\u00e9gion de Malmedy  Epigraphie.  5\u00e8me partie : Commune de Robertville.  6\u00e8me partie : Commune de Malmedy.<\/p>\n\n\n\n<p>R. CHRISTOPHE&nbsp;&nbsp;&nbsp;&nbsp;&nbsp;&nbsp;&nbsp;&nbsp;&nbsp;&nbsp;&nbsp;&nbsp;&nbsp;&nbsp;&nbsp;&nbsp;&nbsp;&nbsp; La voirie ancienne de grande communication au d\u00e9part de Malmedy,  sp\u00e9cialement au XVII\u00e8me si\u00e8cle.<\/p>\n\n\n\n<p>R.THISSE-DE-ROUETTE&nbsp;&nbsp;&nbsp;&nbsp;&nbsp; Anciennes chansons d\u2019amour dans la Wallonie de l\u2019Est.<\/p>\n\n\n\n<p>W. KAEFER&nbsp;&nbsp;&nbsp;&nbsp;&nbsp;&nbsp;&nbsp;&nbsp;&nbsp;&nbsp;&nbsp;&nbsp;&nbsp;&nbsp;&nbsp;&nbsp;&nbsp;&nbsp;&nbsp;&nbsp;&nbsp;&nbsp;&nbsp;&nbsp;&nbsp;&nbsp; Les sept \u00a0\u00bb&nbsp;Fussf\u00e4lle&nbsp;\u00a0\u00bb de Bullange.<\/p>\n\n\n\n<p>L. HALLEUX&nbsp;&nbsp;&nbsp;&nbsp;&nbsp;&nbsp;&nbsp;&nbsp;&nbsp;&nbsp;&nbsp;&nbsp;&nbsp;&nbsp;&nbsp;&nbsp;&nbsp;&nbsp;&nbsp;&nbsp;&nbsp;&nbsp;&nbsp;&nbsp;&nbsp; Malmedy-Folklore participe \u00e0 la renaissance du quartier de la  Vaulx.<\/p>\n\n\n\n<p><strong><u>TOME XLIII &#8211; 1979<\/u><\/strong><\/p>\n\n\n\n<p>R. CHRISTOPHE&nbsp;&nbsp;&nbsp;&nbsp;&nbsp;&nbsp;&nbsp;&nbsp;&nbsp;&nbsp;&nbsp;&nbsp;&nbsp;&nbsp;&nbsp;&nbsp;&nbsp;&nbsp; Malmedy, ses rues, ses lieux-dits (&nbsp;1\u00e8re partie&nbsp;).<\/p>\n\n\n\n<p>Fr\u00e8re F. MEESSEN&nbsp;&nbsp;&nbsp;&nbsp;&nbsp;&nbsp;&nbsp;&nbsp;&nbsp;&nbsp;&nbsp;&nbsp;&nbsp;&nbsp;&nbsp; Les cinquante moines de Stavelot-Malmedy qui ont surv\u00e9cu \u00e0 la R\u00e9volution.  Que sont-ils devenus ? (&nbsp;4\u00e8me partie et fin&nbsp;).<\/p>\n\n\n\n<p>M. DEWALQUE&nbsp;&nbsp;&nbsp;&nbsp;&nbsp;&nbsp;&nbsp;&nbsp;&nbsp;&nbsp;&nbsp;&nbsp;&nbsp;&nbsp;&nbsp;&nbsp;&nbsp;&nbsp;&nbsp;&nbsp; Du \u00ab\u00a0pain de Gonesse\u00a0\u00bb au \u00ab\u00a0gon\u00e8sse\u00a0\u00bb.<\/p>\n\n\n\n<p>G. LAURENT&nbsp;&nbsp;&nbsp;&nbsp;&nbsp;&nbsp;&nbsp;&nbsp;&nbsp;&nbsp;&nbsp;&nbsp;&nbsp;&nbsp;&nbsp;&nbsp;&nbsp;&nbsp;&nbsp;&nbsp;&nbsp;&nbsp;&nbsp;&nbsp; Malmedy et Li\u00e8ge. A l\u2019occasion du mill\u00e9naire de la cit\u00e9 ardente.<\/p>\n\n\n\n<p>W. KAEFER&nbsp;&nbsp;&nbsp;&nbsp;&nbsp;&nbsp;&nbsp;&nbsp;&nbsp;&nbsp;&nbsp;&nbsp;&nbsp;&nbsp;&nbsp;&nbsp;&nbsp;&nbsp;&nbsp;&nbsp;&nbsp;&nbsp;&nbsp;&nbsp;&nbsp;&nbsp; Les h\u00eatres de Rodt.<\/p>\n\n\n\n<p>XXX&nbsp;&nbsp;&nbsp;&nbsp;&nbsp;&nbsp;&nbsp;&nbsp;&nbsp;&nbsp;&nbsp;&nbsp;&nbsp;&nbsp;&nbsp;&nbsp;&nbsp;&nbsp;&nbsp;&nbsp;&nbsp;&nbsp;&nbsp;&nbsp;&nbsp;&nbsp;&nbsp;&nbsp;&nbsp;&nbsp;&nbsp;&nbsp;&nbsp;&nbsp;&nbsp;&nbsp;&nbsp; Un menu de 1867.<\/p>\n\n\n\n<p>L. HALLEUX&nbsp;&nbsp;&nbsp;&nbsp;&nbsp;&nbsp;&nbsp;&nbsp;&nbsp;&nbsp;&nbsp;&nbsp;&nbsp;&nbsp;&nbsp;&nbsp;&nbsp;&nbsp;&nbsp;&nbsp;&nbsp;&nbsp;&nbsp;&nbsp;&nbsp; In Memoriam&nbsp;: Pierre Rousch.<\/p>\n\n\n\n<p><strong><u>TOME XLIV &#8211; 1980<\/u><\/strong><\/p>\n\n\n\n<p>R. JACOB&nbsp;&nbsp;&nbsp;&nbsp;&nbsp;&nbsp;&nbsp;&nbsp;&nbsp;&nbsp;&nbsp;&nbsp;&nbsp;&nbsp;&nbsp;&nbsp;&nbsp;&nbsp;&nbsp;&nbsp;&nbsp;&nbsp;&nbsp;&nbsp;&nbsp;&nbsp;&nbsp;&nbsp; Aux sources (&nbsp;1\u00e8re partie)- Archives red\u00e9couvertes \u00e0 Malmedy &#8211; Glan\u00e9 dans &nbsp;nos registres paroissiaux &#8211; Dix ans de bienfaisance sous le r\u00e9gime fran\u00e7ais.<\/p>\n\n\n\n<p>W. KAEFER&nbsp;&nbsp;&nbsp;&nbsp;&nbsp;&nbsp;&nbsp;&nbsp;&nbsp;&nbsp;&nbsp;&nbsp;&nbsp;&nbsp;&nbsp;&nbsp;&nbsp;&nbsp;&nbsp;&nbsp;&nbsp;&nbsp;&nbsp;&nbsp;&nbsp;&nbsp; Les pouhons de Malmedy, (&nbsp;1\u00e8re partie&nbsp;).<\/p>\n\n\n\n<p>R. CHRISTOPHE&nbsp;&nbsp;&nbsp;&nbsp;&nbsp;&nbsp;&nbsp;&nbsp;&nbsp;&nbsp;&nbsp;&nbsp;&nbsp;&nbsp;&nbsp;&nbsp;&nbsp;&nbsp; Malmedy, ses rues, ses lieux-dits (&nbsp;2\u00e8mepartie&nbsp;).<\/p>\n\n\n\n<p>R. HOUART&nbsp;&nbsp;&nbsp;&nbsp;&nbsp;&nbsp;&nbsp;&nbsp;&nbsp;&nbsp;&nbsp;&nbsp;&nbsp;&nbsp;&nbsp;&nbsp;&nbsp;&nbsp;&nbsp;&nbsp;&nbsp;&nbsp;&nbsp;&nbsp;&nbsp; Le calendrier folklorique malm\u00e9dien.<\/p>\n\n\n\n<p>R. CHRISTOPHE&nbsp;&nbsp;&nbsp;&nbsp;&nbsp;&nbsp;&nbsp;&nbsp;&nbsp;&nbsp;&nbsp;&nbsp;&nbsp;&nbsp;&nbsp;&nbsp;&nbsp;&nbsp; A propos de la vue de la Ville de Malmedy, de Remacle Leloup.<\/p>\n\n\n\n<p>R. CHRISTOPHE&nbsp;&nbsp;&nbsp;&nbsp;&nbsp;&nbsp;&nbsp;&nbsp;&nbsp;&nbsp;&nbsp;&nbsp;&nbsp;&nbsp;&nbsp;&nbsp;&nbsp;&nbsp; Les noms de lieux Brou, Bru, etc.<\/p>\n\n\n\n<p>R. CHRISTOPHE&nbsp;&nbsp;&nbsp;&nbsp;&nbsp;&nbsp;&nbsp;&nbsp;&nbsp;&nbsp;&nbsp;&nbsp;&nbsp;&nbsp;&nbsp;&nbsp;&nbsp;&nbsp; Bornes anciennes et&nbsp;&#8230; travaux autoroutiers.<\/p>\n\n\n\n<p>W. KAEFER&nbsp;&nbsp;&nbsp;&nbsp;&nbsp;&nbsp;&nbsp;&nbsp;&nbsp;&nbsp;&nbsp;&nbsp;&nbsp;&nbsp;&nbsp;&nbsp;&nbsp;&nbsp;&nbsp;&nbsp;&nbsp;&nbsp;&nbsp;&nbsp;&nbsp;&nbsp; Addenda aux Croix Vicinales de Waimes.<\/p>\n\n\n\n<p><strong><u>TOME XLV &#8211; 1981<\/u><\/strong><\/p>\n\n\n\n<p>W. KAEFER&nbsp;&nbsp;&nbsp;&nbsp;&nbsp;&nbsp;&nbsp;&nbsp;&nbsp;&nbsp;&nbsp;&nbsp;&nbsp;&nbsp;&nbsp;&nbsp;&nbsp;&nbsp;&nbsp;&nbsp;&nbsp;&nbsp;&nbsp;&nbsp;&nbsp;&nbsp; Propos d\u2019arch\u00e9ologie industrielle : Les Malm\u00e9diens Jules STEINBACH et  Romain TALBOT. Leur contribution au d\u00e9veloppement de l\u2019industrie photographique.<\/p>\n\n\n\n<p>M. DEWALQUE&nbsp;&nbsp;&nbsp;&nbsp;&nbsp;&nbsp;&nbsp;&nbsp;&nbsp; Note sur le dictionnaire de A.F. Villers (1793). Les termes de p\u00e2tisserie.<\/p>\n\n\n\n<p>R. JACOB&nbsp;&nbsp;&nbsp;&nbsp;&nbsp;&nbsp;&nbsp;&nbsp;&nbsp;&nbsp;&nbsp;&nbsp;&nbsp;&nbsp;&nbsp;&nbsp;&nbsp;&nbsp;&nbsp;&nbsp;&nbsp;&nbsp;&nbsp;&nbsp;&nbsp;&nbsp;&nbsp;&nbsp; Aux sources (&nbsp;2\u00e8me partie&nbsp;). Inventaire des archives de la ville et de la cure de Malmedy.<\/p>\n\n\n\n<p>R. CHRISTOPHE&nbsp;&nbsp;&nbsp;&nbsp;&nbsp;&nbsp;&nbsp;&nbsp;&nbsp;&nbsp;&nbsp;&nbsp;&nbsp;&nbsp;&nbsp;&nbsp;&nbsp;&nbsp; Malmedy, ses rues, ses lieux-dits (&nbsp;3\u00e8me partie&nbsp;).<\/p>\n\n\n\n<p>R. CHRISTOPHE&nbsp;&nbsp;&nbsp;&nbsp;&nbsp;&nbsp;&nbsp;&nbsp;&nbsp;&nbsp;&nbsp;&nbsp;&nbsp;&nbsp;&nbsp;&nbsp;&nbsp;&nbsp; L\u2019abb\u00e9 Nicolas Dardenne et la Vierge de la place de Rome.<\/p>\n\n\n\n<p>R. CHRISTOPHE&nbsp;&nbsp;&nbsp;&nbsp;&nbsp;&nbsp;&nbsp;&nbsp;&nbsp;&nbsp;&nbsp;&nbsp;&nbsp;&nbsp;&nbsp;&nbsp;&nbsp;&nbsp; Il y a 25&nbsp;ans d\u00e9c\u00e9dait le chanoine Jules Scheffen.<\/p>\n\n\n\n<p>R. CHRISTOPHE&nbsp;&nbsp;&nbsp;&nbsp;&nbsp;&nbsp;&nbsp;&nbsp;&nbsp;&nbsp;&nbsp;&nbsp;&nbsp;&nbsp;&nbsp;&nbsp;&nbsp;&nbsp; L\u2019ann\u00e9e Wibald.<\/p>\n\n\n\n<p>R. CHRISTOPHE&nbsp;&nbsp;&nbsp;&nbsp;&nbsp;&nbsp;&nbsp;&nbsp;&nbsp;&nbsp;&nbsp;&nbsp;&nbsp;&nbsp;&nbsp;&nbsp;&nbsp;&nbsp; A propos du \u00a0\u00bb&nbsp;pouhon de Pr\u00e9aix&nbsp;\u00ab\u00a0.<\/p>\n\n\n\n<p>XXX&nbsp;&nbsp;&nbsp;&nbsp;&nbsp;&nbsp;&nbsp;&nbsp;&nbsp;&nbsp;&nbsp;&nbsp;&nbsp;&nbsp;&nbsp;&nbsp;&nbsp;&nbsp;&nbsp;&nbsp;&nbsp;&nbsp;&nbsp;&nbsp;&nbsp;&nbsp;&nbsp;&nbsp;&nbsp;&nbsp;&nbsp;&nbsp;&nbsp;&nbsp;&nbsp;&nbsp;&nbsp; Quelques photos anciennes (&nbsp;groupes scolaires 1886-1906&nbsp;).<\/p>\n\n\n\n<p><strong><u>TOME XLVI &#8211; 1982<\/u><\/strong><\/p>\n\n\n\n<p>MALMEDY-FOLKLORE&nbsp;&nbsp;&nbsp;&nbsp;&nbsp;&nbsp;&nbsp;&nbsp;&nbsp; In Memoriam&nbsp;: Joseph CEREXHE.<\/p>\n\n\n\n<p>G. LAURENT&nbsp;&nbsp;&nbsp;&nbsp;&nbsp;&nbsp;&nbsp;&nbsp;&nbsp;&nbsp;&nbsp;&nbsp;&nbsp;&nbsp;&nbsp;&nbsp;&nbsp;&nbsp;&nbsp;&nbsp;&nbsp;&nbsp;&nbsp;&nbsp; Un No\u00ebl en enfer.<\/p>\n\n\n\n<p>M. DEWALQUE&nbsp;&nbsp;&nbsp;&nbsp;&nbsp;&nbsp;&nbsp;&nbsp;&nbsp;&nbsp;&nbsp;&nbsp;&nbsp;&nbsp;&nbsp;&nbsp;&nbsp;&nbsp;&nbsp;&nbsp; Le pain dans l\u2019expression wallonne (&nbsp;1\u00e8re partie&nbsp;).<\/p>\n\n\n\n<p>R. JACOB&nbsp;&nbsp;&nbsp;&nbsp;&nbsp;&nbsp;&nbsp;&nbsp;&nbsp;&nbsp;&nbsp;&nbsp;&nbsp;&nbsp;&nbsp;&nbsp;&nbsp;&nbsp;&nbsp;&nbsp;&nbsp;&nbsp;&nbsp;&nbsp;&nbsp;&nbsp;&nbsp;&nbsp; Au sources (&nbsp;3\u00e8me partie&nbsp;). Archives de Waimes et de Reinhardstein.  Archives notariales de Stavelot et Malmedy. Archives de la Chambre Imp\u00e9riale de Wetzlar.<\/p>\n\n\n\n<p>W. KAEFER&nbsp;&nbsp;&nbsp;&nbsp;&nbsp;&nbsp;&nbsp;&nbsp;&nbsp;&nbsp;&nbsp;&nbsp;&nbsp;&nbsp;&nbsp;&nbsp;&nbsp;&nbsp;&nbsp;&nbsp;&nbsp;&nbsp;&nbsp;&nbsp;&nbsp;&nbsp; L\u2019attitude du clerg\u00e9 catholique au cours des ann\u00e9es 1919-1925 dans les  cantons d\u2019Eupen-Malmedy-Saint-Vith..<\/p>\n\n\n\n<p>R. CHRISTOPHE&nbsp;&nbsp;&nbsp;&nbsp;&nbsp;&nbsp;&nbsp;&nbsp;&nbsp;&nbsp;&nbsp;&nbsp;&nbsp;&nbsp;&nbsp;&nbsp;&nbsp;&nbsp; Malmedy, ses rues, ses lieux-dits (&nbsp;4\u00e8me partie&nbsp;).<\/p>\n\n\n\n<p>R. CHRISTOPHE&nbsp;&nbsp;&nbsp;&nbsp;&nbsp;&nbsp;&nbsp;&nbsp;&nbsp;&nbsp;&nbsp;&nbsp;&nbsp;&nbsp;&nbsp;&nbsp;&nbsp;&nbsp; L\u2019ancienne \u00e9glise abbatiale de Malmedy.<\/p>\n\n\n\n<p>R. CHRISTOPHE&nbsp;&nbsp;&nbsp;&nbsp;&nbsp;&nbsp;&nbsp;&nbsp;&nbsp;&nbsp;&nbsp;&nbsp;&nbsp;&nbsp;&nbsp;&nbsp;&nbsp;&nbsp; Un anniversaire et une plaque comm\u00e9morative (&nbsp;Pour le Chanoine Toussaint&nbsp;).<\/p>\n\n\n\n<p>R. JACOB&nbsp;&nbsp;&nbsp;&nbsp;&nbsp;&nbsp;&nbsp;&nbsp;&nbsp;&nbsp;&nbsp;&nbsp;&nbsp;&nbsp;&nbsp;&nbsp;&nbsp;&nbsp;&nbsp;&nbsp;&nbsp;&nbsp;&nbsp;&nbsp;&nbsp;&nbsp;&nbsp;&nbsp; La Heid dite le Quarmai.<\/p>\n\n\n\n<p>R. CHRISTOPHE&nbsp;&nbsp;&nbsp;&nbsp;&nbsp;&nbsp;&nbsp;&nbsp;&nbsp;&nbsp;&nbsp;&nbsp;&nbsp;&nbsp;&nbsp;&nbsp;&nbsp;&nbsp; Un souterrain place Albert Ier.<\/p>\n\n\n\n<p>R. CHRISTOPHE&nbsp;&nbsp;&nbsp;&nbsp;&nbsp;&nbsp;&nbsp;&nbsp;&nbsp;&nbsp;&nbsp;&nbsp;&nbsp;&nbsp;&nbsp;&nbsp;&nbsp;&nbsp; Une chapelle en Arimont ?<\/p>\n\n\n\n<p>XXX&nbsp;&nbsp;&nbsp;&nbsp;&nbsp;&nbsp;&nbsp;&nbsp;&nbsp;&nbsp;&nbsp;&nbsp;&nbsp;&nbsp;&nbsp;&nbsp;&nbsp;&nbsp;&nbsp;&nbsp;&nbsp;&nbsp;&nbsp;&nbsp;&nbsp;&nbsp;&nbsp;&nbsp;&nbsp;&nbsp;&nbsp;&nbsp;&nbsp;&nbsp;&nbsp;&nbsp;&nbsp; Photo&nbsp;: un groupe de l\u2019Union Wallonne au d\u00e9but du si\u00e8cle.<\/p>\n\n\n\n<p><strong><u>TOME XLVII &#8211; 1983<\/u><\/strong><\/p>\n\n\n\n<p>R. JACOB&nbsp;&nbsp;&nbsp;&nbsp;&nbsp;&nbsp;&nbsp;&nbsp;&nbsp;&nbsp;&nbsp;&nbsp;&nbsp;&nbsp;&nbsp;&nbsp;&nbsp;&nbsp;&nbsp;&nbsp;&nbsp;&nbsp;&nbsp;&nbsp;&nbsp;&nbsp;&nbsp;&nbsp; G\u00e9n\u00e9alogies de nos Vieilles Familles Malm\u00e9diennes.  I. l\u2019\u00e9poque contemporaine. Les GILLET, drapiers malm\u00e9diens<\/p>\n\n\n\n<p>S. FONTAINE et&nbsp;&nbsp;&nbsp;&nbsp;&nbsp;&nbsp;&nbsp;&nbsp;&nbsp;&nbsp;&nbsp;&nbsp;&nbsp;&nbsp;&nbsp;&nbsp;&nbsp;&nbsp;&nbsp; T\u00e9moins muets du pass\u00e9.<\/p>\n\n\n\n<p>&nbsp;&nbsp;&nbsp;&nbsp; W.&nbsp;KAEFER&nbsp;&nbsp;&nbsp;&nbsp;&nbsp;&nbsp;&nbsp;&nbsp;&nbsp;&nbsp;&nbsp;&nbsp;&nbsp;&nbsp;&nbsp;&nbsp;&nbsp;&nbsp;&nbsp;&nbsp;&nbsp; Croix vicinales de la commune de Stavelot (&nbsp;1\u00e8re partie&nbsp;).<\/p>\n\n\n\n<p>M. VANDERSCHAEGE&nbsp;&nbsp;&nbsp;&nbsp;&nbsp;&nbsp;&nbsp;&nbsp;&nbsp; Liste chronologique des d\u00e9lib\u00e9rations et arr\u00eat\u00e9s du coll\u00e8ge des Bourgmestre  et Echevins de la Ville de Stavelot (1836 \u00e0 1846).<\/p>\n\n\n\n<p>W. KAEFER&nbsp;&nbsp;&nbsp;&nbsp;&nbsp;&nbsp;&nbsp;&nbsp;&nbsp;&nbsp;&nbsp;&nbsp;&nbsp;&nbsp;&nbsp;&nbsp;&nbsp;&nbsp;&nbsp;&nbsp;&nbsp;&nbsp;&nbsp;&nbsp;&nbsp;&nbsp; Les pouhons de Malmedy (&nbsp;suite et fin&nbsp;).<\/p>\n\n\n\n<p>R. CHRISTOPHE&nbsp;&nbsp;&nbsp;&nbsp;&nbsp;&nbsp;&nbsp;&nbsp;&nbsp;&nbsp;&nbsp;&nbsp;&nbsp;&nbsp;&nbsp;&nbsp;&nbsp;&nbsp; Malmedy, ses rues, ses lieux-dits (&nbsp;5\u00e8me partie et fin&nbsp;).<\/p>\n\n\n\n<p>R. JACOB&nbsp;&nbsp;&nbsp;&nbsp;&nbsp;&nbsp;&nbsp;&nbsp;&nbsp;&nbsp;&nbsp;&nbsp;&nbsp;&nbsp;&nbsp;&nbsp;&nbsp;&nbsp;&nbsp;&nbsp;&nbsp;&nbsp;&nbsp;&nbsp;&nbsp;&nbsp;&nbsp;&nbsp; Un ermite de Bernister identifi\u00e9.<\/p>\n\n\n\n<p>R. CHRISTOPHE&nbsp;&nbsp;&nbsp;&nbsp;&nbsp;&nbsp;&nbsp;&nbsp;&nbsp;&nbsp;&nbsp;&nbsp;&nbsp;&nbsp;&nbsp;&nbsp;&nbsp;&nbsp; Jules WERSON.<\/p>\n\n\n\n<p><strong><u>TOME XLVIII &#8211; 1984<\/u><\/strong><\/p>\n\n\n\n<p>R.&nbsp;JACOB&nbsp;&nbsp;&nbsp;&nbsp;&nbsp;&nbsp;&nbsp;&nbsp;&nbsp;&nbsp;&nbsp;&nbsp;&nbsp;&nbsp;&nbsp;&nbsp;&nbsp;&nbsp;&nbsp;&nbsp;&nbsp;&nbsp;&nbsp;&nbsp;&nbsp;&nbsp;&nbsp;&nbsp; G\u00e9n\u00e9alogie de nos Vieilles Familles Malm\u00e9diennes. II.&nbsp; L\u2019Ancien R\u00e9gime. Les GILLET malm\u00e9diens.<\/p>\n\n\n\n<p>S.&nbsp;FONTAINE &amp;&nbsp;&nbsp;&nbsp;&nbsp;&nbsp;&nbsp;&nbsp;&nbsp;&nbsp;&nbsp;&nbsp;&nbsp;&nbsp;&nbsp;&nbsp;&nbsp;&nbsp;&nbsp;&nbsp;&nbsp; T\u00e9moins muets du pass\u00e9&nbsp;: Croix vicinales de la commune de<\/p>\n\n\n\n<p>&nbsp;&nbsp;&nbsp; W. KAEFER&nbsp;&nbsp;&nbsp;&nbsp;&nbsp;&nbsp;&nbsp;&nbsp;&nbsp;&nbsp;&nbsp;&nbsp;&nbsp;&nbsp;&nbsp;&nbsp;&nbsp;&nbsp;&nbsp;&nbsp;&nbsp;&nbsp; Stavelot (&nbsp;&nbsp;2\u00e8me&nbsp;partie&nbsp;).<\/p>\n\n\n\n<p>M.&nbsp;DEWALQUE &amp;&nbsp;&nbsp;R.&nbsp;CHRISTOPHE   \u00a0\u00bb&nbsp;Carne Levare&nbsp;\u00a0\u00bb ou l\u2019abandon de la chair \u00e0 Malmedy.<\/p>\n\n\n\n<p>J.&nbsp;H.&nbsp;&nbsp;WILLEMS&nbsp;&nbsp;&nbsp;&nbsp;&nbsp;&nbsp;&nbsp;&nbsp;&nbsp;&nbsp;&nbsp;&nbsp;&nbsp;&nbsp;&nbsp;&nbsp;&nbsp;&nbsp;&nbsp;&nbsp; Archives de l\u2019\u00e9poque du Gouvernement BALTIA (&nbsp;1920-1925&nbsp;).<\/p>\n\n\n\n<p>G.CHRISTOPHE-SERVAIS&nbsp;&nbsp;&nbsp; A propos d\u2019un journal de voyage&nbsp;: le famille SERVAIS \u00e0 Malmedy et au Danemark.<\/p>\n\n\n\n<p>J. BASTIN&nbsp;&nbsp;&nbsp;&nbsp;&nbsp;&nbsp;&nbsp;&nbsp;&nbsp;&nbsp;&nbsp;&nbsp;&nbsp;&nbsp;&nbsp;&nbsp;&nbsp;&nbsp;&nbsp;&nbsp;&nbsp;&nbsp;&nbsp;&nbsp;&nbsp;&nbsp;&nbsp;&nbsp; Une centenaire bien de chez nous, au si\u00e8cle dernier.<\/p>\n\n\n\n<p>W. KAEFER&nbsp;&nbsp;&nbsp;&nbsp;&nbsp;&nbsp;&nbsp;&nbsp;&nbsp;&nbsp;&nbsp;&nbsp;&nbsp;&nbsp;&nbsp;&nbsp;&nbsp;&nbsp;&nbsp;&nbsp;&nbsp;&nbsp;&nbsp;&nbsp;&nbsp;&nbsp; Consid\u00e9rations relatives \u00e0 divers papiers filigran\u00e9s provenant de l\u2019ancienne  papeterie-cartonnerie de l\u2019Abbaye de Malmedy.<\/p>\n\n\n\n<p>R. JACOB&nbsp;&nbsp;&nbsp;&nbsp;&nbsp;&nbsp;&nbsp;&nbsp;&nbsp;&nbsp;&nbsp;&nbsp;&nbsp;&nbsp;&nbsp;&nbsp;&nbsp;&nbsp;&nbsp;&nbsp;&nbsp;&nbsp;&nbsp;&nbsp;&nbsp;&nbsp;&nbsp;&nbsp; Le flottage du bois sur la Warche au XVIII\u00e8me si\u00e8cle.<\/p>\n\n\n\n<p>R. JACOB&nbsp;&nbsp;&nbsp;&nbsp;&nbsp;&nbsp;&nbsp;&nbsp;&nbsp;&nbsp;&nbsp;&nbsp;&nbsp;&nbsp;&nbsp;&nbsp;&nbsp;&nbsp;&nbsp;&nbsp;&nbsp;&nbsp;&nbsp;&nbsp;&nbsp;&nbsp;&nbsp;&nbsp; Lu peus Math\u00ee ou belladone ( notes sur la famille G\u00c9R\u00c9ON&nbsp;).<\/p>\n\n\n\n<p><strong><u>TOME XLIX &#8211; 1985<\/u><\/strong><\/p>\n\n\n\n<p>MALMEDY-FOLKLORE&nbsp;&nbsp;&nbsp;&nbsp;&nbsp;&nbsp;&nbsp;&nbsp;&nbsp; In Memoriam&nbsp;: Auguste MASSANGE.<\/p>\n\n\n\n<p>R. CHRISTOPHE&nbsp;&nbsp;&nbsp;&nbsp;&nbsp;&nbsp;&nbsp;&nbsp;&nbsp;&nbsp;&nbsp;&nbsp;&nbsp;&nbsp;&nbsp;&nbsp;&nbsp;&nbsp; Malm\u00e9dy ou Malmedy&nbsp;?<\/p>\n\n\n\n<p>L.&nbsp;HALLEUX&nbsp;&nbsp;&nbsp;&nbsp;&nbsp;&nbsp;&nbsp;&nbsp;&nbsp;&nbsp;&nbsp;&nbsp;&nbsp;&nbsp;&nbsp;&nbsp;&nbsp;&nbsp;&nbsp;&nbsp;&nbsp;&nbsp;&nbsp;&nbsp;&nbsp; Il y a cent ans, le premier train entrait en gare de Malmedy.<\/p>\n\n\n\n<p>M.&nbsp;DEWALQUE&nbsp;&nbsp;&nbsp;&nbsp;&nbsp;&nbsp;&nbsp;&nbsp;&nbsp;&nbsp;&nbsp;&nbsp;&nbsp;&nbsp;&nbsp;&nbsp;&nbsp;&nbsp;&nbsp;&nbsp; Les \u00a0\u00bb&nbsp;Baisers de Malmedy&nbsp;\u00a0\u00bb et leur histoire.<\/p>\n\n\n\n<p>R.&nbsp;JACOB&nbsp;&nbsp;&nbsp;&nbsp;&nbsp;&nbsp;&nbsp;&nbsp;&nbsp;&nbsp;&nbsp;&nbsp;&nbsp;&nbsp;&nbsp;&nbsp;&nbsp;&nbsp;&nbsp;&nbsp;&nbsp;&nbsp;&nbsp;&nbsp;&nbsp;&nbsp;&nbsp;&nbsp; G\u00e9n\u00e9alogies de nos Vieilles&nbsp; Malm\u00e9diennes.  III.&nbsp; Ascendance et descendance. Notes sur les familles ABINET,  CHRISTOPHE et 10 g\u00e9n\u00e9rations de quartiers JACOB.<\/p>\n\n\n\n<p>W.&nbsp;KAEFER &amp;&nbsp;S.&nbsp;FONTAINE T\u00e9moins muets du pass\u00e9. Croix vicinales de la commune de  Stavelot (&nbsp;3\u00e8me&nbsp;partie&nbsp;).<\/p>\n\n\n\n<p>L.&nbsp;MARQUET&nbsp;&nbsp;&nbsp;&nbsp;&nbsp;&nbsp;&nbsp;&nbsp;&nbsp;&nbsp;&nbsp;&nbsp;&nbsp;&nbsp;&nbsp;&nbsp;&nbsp;&nbsp;&nbsp;&nbsp;&nbsp;&nbsp;&nbsp; Stavelot et Co\u00f4 en 1782.<\/p>\n\n\n\n<p>R. CHRISTOPHE&nbsp;&nbsp;&nbsp;&nbsp;&nbsp;&nbsp;&nbsp;&nbsp;&nbsp;&nbsp;&nbsp;&nbsp;&nbsp;&nbsp;&nbsp;&nbsp;&nbsp;&nbsp; La halle de Gr\u00e8t\u00e8dar et la Fondation Roi Baudouin.<\/p>\n\n\n\n<p>R. CHRISTOPHE&nbsp;&nbsp;&nbsp;&nbsp;&nbsp;&nbsp;&nbsp;&nbsp;&nbsp;&nbsp;&nbsp;&nbsp;&nbsp;&nbsp;&nbsp;&nbsp;&nbsp;&nbsp; A la m\u00e9moire de l\u2019Abb\u00e9 Joseph BASTIN.<\/p>\n\n\n\n<p>R. JACOB&nbsp;&nbsp;&nbsp;&nbsp;&nbsp;&nbsp;&nbsp;&nbsp;&nbsp;&nbsp;&nbsp;&nbsp;&nbsp;&nbsp;&nbsp;&nbsp;&nbsp;&nbsp;&nbsp;&nbsp;&nbsp;&nbsp;&nbsp;&nbsp;&nbsp;&nbsp;&nbsp;&nbsp; Six ermites de Bernister retrouv\u00e9s, et un autre identifi\u00e9.<\/p>\n\n\n\n<p>H. THIMISTER&nbsp;&nbsp;&nbsp;&nbsp;&nbsp;&nbsp;&nbsp;&nbsp;&nbsp;&nbsp;&nbsp;&nbsp;&nbsp;&nbsp;&nbsp;&nbsp;&nbsp;&nbsp;&nbsp;&nbsp;&nbsp; A propos d\u2019une vieille pierre (&nbsp;Waimes&nbsp;).<\/p>\n\n\n\n<p>R. JACOB&nbsp;&nbsp;&nbsp;&nbsp;&nbsp;&nbsp;&nbsp;&nbsp;&nbsp;&nbsp;&nbsp;&nbsp;&nbsp;&nbsp;&nbsp;&nbsp;&nbsp;&nbsp;&nbsp;&nbsp;&nbsp;&nbsp;&nbsp;&nbsp;&nbsp;&nbsp;&nbsp;&nbsp; Trois r\u00e8glements du XVIII\u00e8me si\u00e8cle (&nbsp;l\u2019h\u00f4pital Saint-Nicolas&nbsp;; le ma\u00eetre  d\u2019\u00e9cole&nbsp;; les troupes&nbsp;).<\/p>\n\n\n\n<p>X.&nbsp;&nbsp;&nbsp;&nbsp;&nbsp;&nbsp;&nbsp;&nbsp;&nbsp;&nbsp;&nbsp;&nbsp;&nbsp;&nbsp;&nbsp;&nbsp;&nbsp;&nbsp;&nbsp;&nbsp;&nbsp;&nbsp;&nbsp;&nbsp;&nbsp;&nbsp;&nbsp;&nbsp;&nbsp;&nbsp;&nbsp;&nbsp;&nbsp;&nbsp;&nbsp;&nbsp;&nbsp;&nbsp;&nbsp;&nbsp;&nbsp; Deux photos : Echo de la Warche, R\u00f4le de La Malm\u00e9dienne, en 1911<\/p>\n\n\n\n<p><strong><u>TOME L &#8211; 1986<\/u><\/strong><\/p>\n\n\n\n<p>R.&nbsp;JACOB&nbsp;&nbsp;&nbsp;&nbsp;&nbsp;&nbsp;&nbsp;&nbsp;&nbsp;&nbsp;&nbsp;&nbsp;&nbsp;&nbsp;&nbsp;&nbsp;&nbsp;&nbsp;&nbsp;&nbsp;&nbsp;&nbsp;&nbsp;&nbsp;&nbsp;&nbsp;&nbsp;&nbsp; G\u00e9n\u00e9alogies de nos vieilles familles malm\u00e9diennes.  IV. Descendants malm\u00e9diens de P\u00e9pin de Landen et de Charlemagne&nbsp;: Notes sur les familles POTESTA, GRAWET, SAUVAGE, CARTHUSER, ROBERT, JACOB, LIMBOURG, LOGNARD, DESALM, ROCHE, MICHA, PONCIN, GUILLAUME.<\/p>\n\n\n\n<p>E.&nbsp;WATRIN&nbsp;&nbsp;&nbsp;&nbsp;&nbsp;&nbsp;&nbsp;&nbsp;&nbsp;&nbsp;&nbsp;&nbsp;&nbsp;&nbsp;&nbsp;&nbsp;&nbsp;&nbsp;&nbsp;&nbsp;&nbsp;&nbsp;&nbsp;&nbsp;&nbsp;&nbsp; Fran\u00e7ois-Joseph Dukers, architecte et ornemaniste li\u00e9geois, et&nbsp;&nbsp;&nbsp;&nbsp;&nbsp;&nbsp;&nbsp;&nbsp;&nbsp; l\u2019ornementation \u00e0 Stavelot et \u00e0 Malmedy au XVIII\u00e8me si\u00e8cle.<\/p>\n\n\n\n<p>XXX&nbsp;&nbsp;&nbsp;&nbsp;&nbsp;&nbsp;&nbsp;&nbsp;&nbsp;&nbsp;&nbsp;&nbsp;&nbsp;&nbsp;&nbsp;&nbsp;&nbsp;&nbsp;&nbsp;&nbsp;&nbsp;&nbsp;&nbsp;&nbsp;&nbsp;&nbsp;&nbsp;&nbsp;&nbsp;&nbsp;&nbsp;&nbsp;&nbsp;&nbsp;&nbsp;&nbsp;&nbsp; Vues anciennes de Malmedy.<\/p>\n\n\n\n<p><strong><u>TOME LI &#8211; 1987<\/u><\/strong><\/p>\n\n\n\n<p>L.&nbsp;MARQUET&nbsp;&nbsp;&nbsp;&nbsp;&nbsp;&nbsp;&nbsp;&nbsp;&nbsp;&nbsp;&nbsp;&nbsp;&nbsp;&nbsp;&nbsp;&nbsp;&nbsp;&nbsp;&nbsp;&nbsp;&nbsp;&nbsp;&nbsp; Les foires de la Principaut\u00e9 de Stavelot-Malmedy.<\/p>\n\n\n\n<p>R.&nbsp;JACOB&nbsp;&nbsp;&nbsp;&nbsp;&nbsp;&nbsp;&nbsp;&nbsp;&nbsp;&nbsp;&nbsp;&nbsp;&nbsp;&nbsp;&nbsp;&nbsp;&nbsp;&nbsp;&nbsp;&nbsp;&nbsp;&nbsp;&nbsp;&nbsp;&nbsp;&nbsp;&nbsp;&nbsp; G\u00e9n\u00e9alogies de nos vieilles familles malm\u00e9diennes.   V. Ascendance et descendance (2). (&nbsp;Famille ABINET&nbsp;).<\/p>\n\n\n\n<p>L.&nbsp;REMACLE&nbsp;&nbsp;&nbsp;&nbsp;&nbsp;&nbsp;&nbsp;&nbsp;&nbsp;&nbsp;&nbsp;&nbsp;&nbsp;&nbsp;&nbsp;&nbsp;&nbsp;&nbsp;&nbsp;&nbsp;&nbsp;&nbsp;&nbsp;&nbsp; Le village de Coo et sa cascade. IV. Toponymie de Coo.<\/p>\n\n\n\n<p>R.&nbsp;CHRISTOPHE&nbsp;&nbsp;&nbsp;&nbsp;&nbsp;&nbsp;&nbsp;&nbsp;&nbsp;&nbsp;&nbsp;&nbsp;&nbsp;&nbsp;&nbsp;&nbsp;&nbsp;&nbsp; Le 1100\u00e8me anniversaire de Waimes.<\/p>\n\n\n\n<p>W.&nbsp;KAEFER&nbsp;&nbsp;&nbsp;&nbsp;&nbsp;&nbsp;&nbsp;&nbsp;&nbsp;&nbsp;&nbsp;&nbsp;&nbsp;&nbsp;&nbsp;&nbsp;&nbsp;&nbsp;&nbsp;&nbsp;&nbsp;&nbsp;&nbsp;&nbsp;&nbsp;&nbsp; Les PIETTE, pionniers de l\u2019industrie du papier en Europe centrale.<\/p>\n\n\n\n<p>R.&nbsp;JACOB&nbsp;&nbsp;&nbsp;&nbsp;&nbsp;&nbsp;&nbsp;&nbsp;&nbsp;&nbsp;&nbsp;&nbsp;&nbsp;&nbsp;&nbsp;&nbsp;&nbsp;&nbsp;&nbsp;&nbsp;&nbsp;&nbsp;&nbsp;&nbsp;&nbsp;&nbsp;&nbsp;&nbsp; Deux anciennes chroniques malm\u00e9diennes (&nbsp;1697-1748&nbsp;). (&nbsp;Notes sur la famille FAYMONVILLE, olim HENRI et PIERRE&nbsp;).<\/p>\n\n\n\n<p>W. KAEFER&nbsp;&nbsp;&nbsp;&nbsp;&nbsp;&nbsp;&nbsp;&nbsp;&nbsp;&nbsp;&nbsp;&nbsp;&nbsp;&nbsp;&nbsp;&nbsp;&nbsp;&nbsp;&nbsp;&nbsp;&nbsp;&nbsp;&nbsp;&nbsp;&nbsp;&nbsp; A propos d\u2019une ancienne photographie.<\/p>\n\n\n\n<p>W. KAEFER&nbsp;&nbsp;&nbsp;&nbsp;&nbsp;&nbsp;&nbsp;&nbsp;&nbsp;&nbsp;&nbsp;&nbsp;&nbsp;&nbsp;&nbsp;&nbsp;&nbsp;&nbsp;&nbsp;&nbsp;&nbsp;&nbsp;&nbsp;&nbsp;&nbsp;&nbsp; Malm\u00e9diens morts en 1812 au service de Napol\u00e9on.<\/p>\n\n\n\n<p>W. KAEFER&nbsp;&nbsp;&nbsp;&nbsp;&nbsp;&nbsp;&nbsp;&nbsp;&nbsp;&nbsp;&nbsp;&nbsp;&nbsp;&nbsp;&nbsp;&nbsp;&nbsp;&nbsp;&nbsp;&nbsp;&nbsp;&nbsp;&nbsp;&nbsp;&nbsp;&nbsp; Monument britannique \u00e0 la gloire du fils d\u2019une Malm\u00e9dienne (&nbsp;Jos\u00e9 WEISS&nbsp;).<\/p>\n\n\n\n<p>W. KAEFER&nbsp;&nbsp;&nbsp;&nbsp;&nbsp;&nbsp;&nbsp;&nbsp;&nbsp;&nbsp;&nbsp;&nbsp;&nbsp;&nbsp;&nbsp;&nbsp;&nbsp;&nbsp;&nbsp;&nbsp;&nbsp;&nbsp;&nbsp;&nbsp;&nbsp;&nbsp; Projets de construction d\u2019usines de p\u00e2tes \u00e0 papier dans la vall\u00e9e de  l\u2019Ambl\u00e8ve.<\/p>\n\n\n\n<p>XXX&nbsp;&nbsp;&nbsp;&nbsp;&nbsp;&nbsp;&nbsp;&nbsp;&nbsp;&nbsp;&nbsp;&nbsp;&nbsp;&nbsp;&nbsp;&nbsp;&nbsp;&nbsp;&nbsp;&nbsp;&nbsp;&nbsp;&nbsp;&nbsp;&nbsp;&nbsp;&nbsp;&nbsp;&nbsp;&nbsp;&nbsp;&nbsp;&nbsp;&nbsp;&nbsp;&nbsp;&nbsp; Deux photos de la Fraternit\u00e9 1922-1937 et une photo du Parc de Mon-bijou, 1897.<\/p>\n\n\n\n<p><strong><u>TOME LII &#8211; 1988<\/u><\/strong><\/p>\n\n\n\n<p>J. BASTIN&nbsp;&nbsp;&nbsp;&nbsp;&nbsp;&nbsp;&nbsp;&nbsp;&nbsp;&nbsp;&nbsp;&nbsp;&nbsp;&nbsp;&nbsp;&nbsp;&nbsp;&nbsp;&nbsp;&nbsp;&nbsp;&nbsp;&nbsp;&nbsp;&nbsp;&nbsp;&nbsp;&nbsp; La R\u00e9volution de 1789 dans la Principaut\u00e9 de Stavelot-Malmedy.<\/p>\n\n\n\n<p>L.&nbsp;MARQUET&nbsp;&nbsp;&nbsp;&nbsp;&nbsp;&nbsp;&nbsp;&nbsp;&nbsp;&nbsp;&nbsp;&nbsp;&nbsp;&nbsp;&nbsp;&nbsp;&nbsp;&nbsp;&nbsp;&nbsp;&nbsp;&nbsp;&nbsp; Le zigzag, jeu d\u2019enfant du XVIII\u00e8me si\u00e8cle.<\/p>\n\n\n\n<p>R.&nbsp;JACOB&nbsp;&nbsp;&nbsp;&nbsp;&nbsp;&nbsp;&nbsp;&nbsp;&nbsp;&nbsp;&nbsp;&nbsp;&nbsp;&nbsp;&nbsp;&nbsp;&nbsp;&nbsp;&nbsp;&nbsp;&nbsp;&nbsp;&nbsp;&nbsp;&nbsp;&nbsp;&nbsp;&nbsp; Martin Schenck (&nbsp; 1589&nbsp;) et le pillage de Malmedy, le 26 juin 1587.<\/p>\n\n\n\n<p>M.&nbsp;JANSEN&nbsp;&nbsp;&nbsp;&nbsp;&nbsp;&nbsp;&nbsp;&nbsp;&nbsp;&nbsp;&nbsp;&nbsp;&nbsp;&nbsp;&nbsp;&nbsp;&nbsp;&nbsp;&nbsp;&nbsp;&nbsp;&nbsp;&nbsp;&nbsp;&nbsp;&nbsp; La famille de la Vaulx-Renard dans l\u2019ancienne Principaut\u00e9 de Stavelot- Malmedy.<\/p>\n\n\n\n<p>P. COSTE&nbsp;&nbsp;&nbsp;&nbsp;&nbsp;&nbsp;&nbsp;&nbsp;&nbsp;&nbsp;&nbsp;&nbsp;&nbsp;&nbsp;&nbsp;&nbsp;&nbsp;&nbsp;&nbsp;&nbsp;&nbsp;&nbsp;&nbsp;&nbsp;&nbsp;&nbsp;&nbsp;&nbsp; L\u00e9onard CORNESSE, M\u00e9decin et Conseiller du Prince-Abb\u00e9, et son fils Valentin CORNESSE, Procureur imp\u00e9rial \u00e0 Malmedy, deux figures de notre pass\u00e9.<\/p>\n\n\n\n<p>W. KAEFER&nbsp;&nbsp;&nbsp;&nbsp;&nbsp;&nbsp;&nbsp;&nbsp;&nbsp;&nbsp;&nbsp;&nbsp;&nbsp;&nbsp;&nbsp;&nbsp;&nbsp;&nbsp;&nbsp;&nbsp;&nbsp;&nbsp;&nbsp;&nbsp;&nbsp;&nbsp; L\u2019ancienne chapelle et l\u2019\u00e9glise de Faymonville.<\/p>\n\n\n\n<p>L. REMACLE&nbsp;&nbsp;&nbsp;&nbsp;&nbsp;&nbsp;&nbsp;&nbsp;&nbsp;&nbsp;&nbsp;&nbsp;&nbsp;&nbsp;&nbsp;&nbsp;&nbsp;&nbsp;&nbsp;&nbsp;&nbsp;&nbsp;&nbsp;&nbsp; L\u2019ancien terme malm\u00e9dien \u00a0\u00bb&nbsp;ganse&nbsp;\u00ab\u00a0.<\/p>\n\n\n\n<p>R. JACOB&nbsp;&nbsp;&nbsp;&nbsp;&nbsp;&nbsp;&nbsp;&nbsp;&nbsp;&nbsp;&nbsp;&nbsp;&nbsp;&nbsp;&nbsp;&nbsp;&nbsp;&nbsp;&nbsp;&nbsp;&nbsp;&nbsp;&nbsp;&nbsp;&nbsp;&nbsp;&nbsp;&nbsp; Un portrait de Jean L\u00e9onard DOUTRELEPONT.<\/p>\n\n\n\n<p><strong><u>TOME LIII &#8211; 1989-1990<\/u><\/strong><\/p>\n\n\n\n<p>R.&nbsp;JACOB&nbsp;&nbsp;&nbsp;&nbsp;&nbsp;&nbsp;&nbsp;&nbsp;&nbsp;&nbsp;&nbsp;&nbsp;&nbsp;&nbsp;&nbsp;&nbsp;&nbsp;&nbsp;&nbsp;&nbsp;&nbsp;&nbsp;&nbsp;&nbsp;&nbsp;&nbsp;&nbsp;&nbsp; Jean Nicolas Fran\u00e7ois PONSART, paysagiste et lithographe.<\/p>\n\n\n\n<p>F.&nbsp;THEATRE&nbsp;&nbsp;&nbsp;&nbsp;&nbsp;&nbsp;&nbsp;&nbsp;&nbsp;&nbsp;&nbsp;&nbsp;&nbsp;&nbsp;&nbsp;&nbsp;&nbsp;&nbsp;&nbsp;&nbsp;&nbsp;&nbsp;&nbsp;&nbsp; Reconnaissance de l\u2019abornement de 1802 entre Malmedy et le ban de &nbsp;Bellevaux.<\/p>\n\n\n\n<p>L.&nbsp;REMACLE&nbsp;&nbsp;&nbsp;&nbsp;&nbsp;&nbsp;&nbsp;&nbsp;&nbsp;&nbsp;&nbsp;&nbsp;&nbsp;&nbsp;&nbsp;&nbsp;&nbsp;&nbsp;&nbsp;&nbsp;&nbsp;&nbsp;&nbsp;&nbsp; L\u2019origine du nom \u00a0\u00bb&nbsp;VECQU\u00c9E&nbsp;\u00ab\u00a0.<\/p>\n\n\n\n<p>R.&nbsp;CHRISTOPHE&nbsp;&nbsp;&nbsp;&nbsp;&nbsp;&nbsp;&nbsp;&nbsp;&nbsp;&nbsp;&nbsp;&nbsp;&nbsp;&nbsp;&nbsp;&nbsp;&nbsp;&nbsp; Histoire de nos villages&nbsp;: XHOFFRAIX.<\/p>\n\n\n\n<p>R.&nbsp;JACOB&nbsp;&nbsp;&nbsp;&nbsp;&nbsp;&nbsp;&nbsp;&nbsp;&nbsp;&nbsp;&nbsp;&nbsp;&nbsp;&nbsp;&nbsp;&nbsp;&nbsp;&nbsp;&nbsp;&nbsp;&nbsp;&nbsp;&nbsp;&nbsp;&nbsp;&nbsp;&nbsp;&nbsp; L\u2019incendie \u00ab\u00a0universel\u00a0\u00bb du 4 octobre 1689.<\/p>\n\n\n\n<p>J.&nbsp;L.&nbsp;PALGEN&nbsp;&nbsp;&nbsp;&nbsp;&nbsp;&nbsp;&nbsp;&nbsp;&nbsp;&nbsp;&nbsp;&nbsp;&nbsp;&nbsp;&nbsp;&nbsp;&nbsp;&nbsp;&nbsp;&nbsp;&nbsp;&nbsp;&nbsp; L\u2019ann\u00e9e 1890 \u00e0 Malmedy.<\/p>\n\n\n\n<p>M. DEWALQUE&nbsp;&nbsp;&nbsp;&nbsp;&nbsp;&nbsp;&nbsp;&nbsp;&nbsp;&nbsp;&nbsp;&nbsp;&nbsp;&nbsp;&nbsp;&nbsp;&nbsp;&nbsp;&nbsp;&nbsp; \u00a0\u00bb&nbsp;Lu gros boldj\u00ee&nbsp;\u00ab\u00a0.<\/p>\n\n\n\n<p>W. KAEFER&nbsp;&nbsp;&nbsp;&nbsp;&nbsp;&nbsp;&nbsp;&nbsp;&nbsp;&nbsp;&nbsp;&nbsp;&nbsp;&nbsp;&nbsp;&nbsp;&nbsp;&nbsp;&nbsp;&nbsp;&nbsp;&nbsp;&nbsp;&nbsp;&nbsp;&nbsp; Une acquisition de l\u2019Abbaye de Stavelot-Malmedy au XVII\u00e8me  si\u00e8cle.<\/p>\n\n\n\n<p><strong><u>TOME LIV &#8211; 1991-1992<\/u><\/strong><\/p>\n\n\n\n<p>R.&nbsp;JACOB&nbsp;&nbsp;&nbsp;&nbsp;&nbsp;&nbsp;&nbsp;&nbsp;&nbsp;&nbsp;&nbsp;&nbsp;&nbsp;&nbsp;&nbsp;&nbsp;&nbsp;&nbsp;&nbsp;&nbsp;&nbsp;&nbsp;&nbsp;&nbsp;&nbsp;&nbsp;&nbsp;&nbsp; Mais pour qui eut lieu la procession VINETTE le 16 janvier 1797&nbsp;?<\/p>\n\n\n\n<p>P. KOUMOTH&nbsp;&nbsp;&nbsp;&nbsp;&nbsp;&nbsp;&nbsp;&nbsp;&nbsp;&nbsp;&nbsp;&nbsp;&nbsp;&nbsp;&nbsp;&nbsp;&nbsp;&nbsp;&nbsp;&nbsp;&nbsp;&nbsp;&nbsp; Des arbres sacr\u00e9s pa\u00efens \u00e0 l\u2019Arbre-de-Vie chr\u00e9tien dans le retable de Saint Remacle \u00e0 Stavelot.<\/p>\n\n\n\n<p>L.&nbsp;HALLEUX&nbsp;&nbsp;&nbsp;&nbsp;&nbsp;&nbsp;&nbsp;&nbsp;&nbsp;&nbsp;&nbsp;&nbsp;&nbsp;&nbsp;&nbsp;&nbsp;&nbsp;&nbsp;&nbsp;&nbsp;&nbsp;&nbsp;&nbsp;&nbsp;&nbsp; Malmedy, au jour le jour en 1991.<\/p>\n\n\n\n<p>W.&nbsp;KAEFER&nbsp;&nbsp;&nbsp;&nbsp;&nbsp;&nbsp;&nbsp;&nbsp;&nbsp;&nbsp;&nbsp;&nbsp;&nbsp;&nbsp;&nbsp;&nbsp;&nbsp;&nbsp;&nbsp;&nbsp; T\u00e9moins muets du pass\u00e9. Croix vicinales de la Wallonie Malm\u00e9dienne. Ancienne commune de Bellevaux-Ligneuville &#8211; Addenda au Tome 1973-1975.<\/p>\n\n\n\n<p>L.&nbsp;REMACLE&nbsp;&nbsp;&nbsp;&nbsp;&nbsp;&nbsp;&nbsp;&nbsp;&nbsp;&nbsp;&nbsp;&nbsp;&nbsp;&nbsp;&nbsp;&nbsp;&nbsp;&nbsp;&nbsp;&nbsp;&nbsp;&nbsp;&nbsp;&nbsp; Un texte gleizois de XIX\u00e8me si\u00e8cle&nbsp;; La pasquille de Jean Job  \u00b1&nbsp;1840&nbsp;).<\/p>\n\n\n\n<p>R.&nbsp;JACOB&nbsp;&nbsp;&nbsp;&nbsp;&nbsp;&nbsp;&nbsp;&nbsp;&nbsp;&nbsp;&nbsp;&nbsp;&nbsp;&nbsp;&nbsp;&nbsp;&nbsp;&nbsp;&nbsp;&nbsp;&nbsp;&nbsp;&nbsp;&nbsp;&nbsp;&nbsp;&nbsp;&nbsp; Le \u00a0\u00bb&nbsp;Jahrgang&nbsp;\u00a0\u00bb dernier-n\u00e9 du folklore malm\u00e9dien.<\/p>\n\n\n\n<p>R. JACOB&nbsp;&nbsp;&nbsp;&nbsp;&nbsp;&nbsp;&nbsp;&nbsp;&nbsp;&nbsp;&nbsp;&nbsp;&nbsp;&nbsp;&nbsp;&nbsp;&nbsp;&nbsp;&nbsp;&nbsp;&nbsp;&nbsp;&nbsp;&nbsp;&nbsp;&nbsp;&nbsp;&nbsp; Corrigenda et addenda concernant les G\u00e9n\u00e9alogies de nos Vieilles Familles Malm\u00e9diennes &#8211; MF 1985.<\/p>\n\n\n\n<p>P. COSTE&nbsp;&nbsp;&nbsp;&nbsp;&nbsp;&nbsp;&nbsp;&nbsp;&nbsp;&nbsp;&nbsp;&nbsp;&nbsp;&nbsp;&nbsp;&nbsp;&nbsp;&nbsp;&nbsp;&nbsp;&nbsp;&nbsp;&nbsp;&nbsp;&nbsp;&nbsp;&nbsp;&nbsp; Erratum famille CORNESSE &#8211; MF 1988.<\/p>\n\n\n\n<p>R. JACOB&nbsp;&nbsp;&nbsp;&nbsp;&nbsp;&nbsp;&nbsp;&nbsp;&nbsp;&nbsp;&nbsp;&nbsp;&nbsp;&nbsp;&nbsp;&nbsp;&nbsp;&nbsp;&nbsp;&nbsp;&nbsp;&nbsp;&nbsp;&nbsp;&nbsp;&nbsp;&nbsp;&nbsp; Acc\u00e8s aux archives de la Paroisse de Malmedy.<\/p>\n\n\n\n<p><strong><u>TOME LV &#8211; 1993-1994<\/u><\/strong><\/p>\n\n\n\n<p>R.&nbsp;JACOB&nbsp;&nbsp;&nbsp;&nbsp;&nbsp;&nbsp;&nbsp;&nbsp;&nbsp;&nbsp;&nbsp;&nbsp;&nbsp;&nbsp;&nbsp;&nbsp;&nbsp;&nbsp;&nbsp;&nbsp;&nbsp;&nbsp;&nbsp;&nbsp;&nbsp;&nbsp;&nbsp;&nbsp; La Famille LEBIERRE de Malmedy.<\/p>\n\n\n\n<p>R.&nbsp;JACOB&nbsp;&nbsp;&nbsp;&nbsp;&nbsp;&nbsp;&nbsp;&nbsp;&nbsp;&nbsp;&nbsp;&nbsp;&nbsp;&nbsp;&nbsp;&nbsp;&nbsp;&nbsp;&nbsp;&nbsp;&nbsp;&nbsp;&nbsp;&nbsp;&nbsp;&nbsp;&nbsp;&nbsp; Louis BELLE et les premiers photographes de Malmedy.  (G\u00e9n\u00e9alogie de la Famille DEWALQUE&nbsp;).<\/p>\n\n\n\n<p>L.&nbsp;REMACLE&nbsp;&nbsp;&nbsp;&nbsp;&nbsp;&nbsp;&nbsp;&nbsp;&nbsp;&nbsp;&nbsp;&nbsp;&nbsp;&nbsp;&nbsp;&nbsp;&nbsp;&nbsp;&nbsp;&nbsp;&nbsp;&nbsp;&nbsp;&nbsp; Le village de Coo et sa cascade. V.&nbsp;Le moulin de Coo.<\/p>\n\n\n\n<p>F.B. VAN DEN BOSSCHE&nbsp;&nbsp;&nbsp;&nbsp;&nbsp; Le Christ de Wavreumont.<\/p>\n\n\n\n<p>L.&nbsp;HALLEUX&nbsp;&nbsp;&nbsp;&nbsp;&nbsp;&nbsp;&nbsp;&nbsp;&nbsp;&nbsp;&nbsp;&nbsp;&nbsp;&nbsp;&nbsp;&nbsp;&nbsp;&nbsp;&nbsp;&nbsp;&nbsp;&nbsp;&nbsp;&nbsp;&nbsp; Malmedy, au jour le jour en 1992. (&nbsp;+ Stavelot et Waimes&nbsp;).<\/p>\n\n\n\n<p>W. KAEFER&nbsp;&nbsp;&nbsp;&nbsp;&nbsp;&nbsp;&nbsp;&nbsp;&nbsp;&nbsp;&nbsp;&nbsp;&nbsp;&nbsp;&nbsp;&nbsp;&nbsp;&nbsp;&nbsp;&nbsp;&nbsp;&nbsp;&nbsp;&nbsp;&nbsp;&nbsp; T\u00e9moins muets du pass\u00e9. Croix vicinales. Addenda&nbsp;: commune de Robertville.<\/p>\n\n\n\n<p>A. JORIS&nbsp;&nbsp;&nbsp;&nbsp;&nbsp;&nbsp;&nbsp;&nbsp;&nbsp;&nbsp;&nbsp;&nbsp;&nbsp;&nbsp;&nbsp;&nbsp;&nbsp;&nbsp;&nbsp;&nbsp;&nbsp;&nbsp;&nbsp;&nbsp;&nbsp;&nbsp;&nbsp;&nbsp;&nbsp;&nbsp; Parler fran\u00e7ais \u00e0 Montjoie en 1831.  Testament notari\u00e9 de J.&nbsp;Ph. XHARDEZ, pr\u00eatre \u00e0 Montjoie.<\/p>\n\n\n\n<p>R. JACOB&nbsp;&nbsp;&nbsp;&nbsp;&nbsp;&nbsp;&nbsp;&nbsp;&nbsp;&nbsp;&nbsp;&nbsp;&nbsp;&nbsp;&nbsp;&nbsp;&nbsp;&nbsp;&nbsp;&nbsp;&nbsp;&nbsp;&nbsp;&nbsp;&nbsp;&nbsp;&nbsp;&nbsp; Espionnage industriel au XVIII\u00e8me si\u00e8cle.<\/p>\n\n\n\n<p><strong><u>TOME 56 &#8211; 1995-1996<\/u><\/strong><\/p>\n\n\n\n<p>IN MEMORIAM&nbsp;&nbsp;&nbsp;&nbsp;&nbsp;&nbsp;&nbsp;&nbsp;&nbsp;&nbsp;&nbsp;&nbsp;&nbsp;&nbsp;&nbsp;&nbsp;&nbsp;&nbsp;&nbsp;&nbsp;&nbsp; Robert CHRISTOPHE.<\/p>\n\n\n\n<p>R. CHRISTOPHE&nbsp;&nbsp;&nbsp;&nbsp;&nbsp;&nbsp;&nbsp;&nbsp;&nbsp;&nbsp;&nbsp;&nbsp;&nbsp;&nbsp;&nbsp;&nbsp;&nbsp;&nbsp; Fronti\u00e8res, p\u00e2turages et botr\u00e8sses.<\/p>\n\n\n\n<p>R. JACOB&nbsp;&nbsp;&nbsp;&nbsp;&nbsp;&nbsp;&nbsp;&nbsp;&nbsp;&nbsp;&nbsp;&nbsp;&nbsp;&nbsp;&nbsp;&nbsp;&nbsp;&nbsp;&nbsp;&nbsp;&nbsp;&nbsp;&nbsp;&nbsp;&nbsp;&nbsp;&nbsp;&nbsp; Malm\u00e9diens sous les drapeaux. 1\u00e8re partie.<\/p>\n\n\n\n<p>W. KAEFER&nbsp;&nbsp;&nbsp;&nbsp;&nbsp;&nbsp;&nbsp;&nbsp;&nbsp;&nbsp;&nbsp;&nbsp;&nbsp;&nbsp;&nbsp;&nbsp;&nbsp;&nbsp;&nbsp;&nbsp;&nbsp;&nbsp;&nbsp;&nbsp;&nbsp;&nbsp; La manufacture de papier Steinbach-de la Saulx en 1812.<\/p>\n\n\n\n<p>L. HALLEUX&nbsp;&nbsp;&nbsp;&nbsp;&nbsp;&nbsp;&nbsp;&nbsp;&nbsp;&nbsp;&nbsp;&nbsp;&nbsp;&nbsp;&nbsp;&nbsp;&nbsp;&nbsp;&nbsp;&nbsp;&nbsp;&nbsp;&nbsp;&nbsp;&nbsp; Malmedy et Waimes au jour le jour en 1993 et 1994.<\/p>\n\n\n\n<p>G. LEJOLY et R. JACOB&nbsp;&nbsp;&nbsp;&nbsp;&nbsp;&nbsp;&nbsp; Enigme celtique \u00e0 Faymonville&nbsp;?<\/p>\n\n\n\n<p>Ph. F. KRINGS&nbsp;&nbsp;&nbsp;&nbsp;&nbsp;&nbsp;&nbsp;&nbsp;&nbsp;&nbsp;&nbsp;&nbsp;&nbsp;&nbsp;&nbsp;&nbsp;&nbsp;&nbsp;&nbsp;&nbsp;&nbsp; Le \u00ab&nbsp;Baron&nbsp;\u00bb KRINGS, personnage pittoresque du d\u00e9but du si\u00e8cle.<\/p>\n\n\n\n<p>R. RASKIN et A. WEY&nbsp;&nbsp;&nbsp;&nbsp;&nbsp;&nbsp;&nbsp;&nbsp;&nbsp;&nbsp;&nbsp; Le club \u00ab\u00a0Les Pic\u00e8tes\u00a0\u00bb.<\/p>\n\n\n\n<p>R. JACOB&nbsp;&nbsp;&nbsp;&nbsp;&nbsp;&nbsp;&nbsp;&nbsp;&nbsp;&nbsp;&nbsp;&nbsp;&nbsp;&nbsp;&nbsp;&nbsp;&nbsp;&nbsp;&nbsp;&nbsp;&nbsp;&nbsp;&nbsp;&nbsp;&nbsp;&nbsp;&nbsp;&nbsp; Hubert SCHMITZ et le dernier \u00ab\u00a0cheval-livreur\u00a0\u00bb de Malmedy.<\/p>\n\n\n\n<p>R. JACOB&nbsp;&nbsp;&nbsp;&nbsp;&nbsp;&nbsp;&nbsp;&nbsp;&nbsp;&nbsp;&nbsp;&nbsp;&nbsp;&nbsp;&nbsp;&nbsp;&nbsp;&nbsp;&nbsp;&nbsp;&nbsp;&nbsp;&nbsp;&nbsp;&nbsp;&nbsp;&nbsp;&nbsp; Saint Jean N\u00e9pomuc\u00e8ne au pont d\u2019Outrelepont et les THERER malm\u00e9diens.<\/p>\n\n\n\n<p>W. KAEFER&nbsp;&nbsp;&nbsp;&nbsp;&nbsp;&nbsp;&nbsp;&nbsp;&nbsp;&nbsp;&nbsp;&nbsp;&nbsp;&nbsp;&nbsp;&nbsp;&nbsp;&nbsp;&nbsp;&nbsp;&nbsp;&nbsp;&nbsp;&nbsp;&nbsp;&nbsp; Deux vues in\u00e9dites de Malmedy, en 1820.<\/p>\n\n\n\n<p>R. JACOB&nbsp;&nbsp;&nbsp;&nbsp;&nbsp;&nbsp;&nbsp;&nbsp;&nbsp;&nbsp;&nbsp;&nbsp;&nbsp;&nbsp;&nbsp;&nbsp;&nbsp;&nbsp;&nbsp;&nbsp;&nbsp;&nbsp;&nbsp;&nbsp;&nbsp;&nbsp;&nbsp;&nbsp; Il y a 200 ans mourait C\u00e9lestin THYS, notre dernier prince-abb\u00e9.<\/p>\n\n\n\n<p>R. JACOB&nbsp;&nbsp;&nbsp;&nbsp;&nbsp;&nbsp;&nbsp;&nbsp;&nbsp;&nbsp;&nbsp;&nbsp;&nbsp;&nbsp;&nbsp;&nbsp;&nbsp;&nbsp;&nbsp;&nbsp;&nbsp;&nbsp;&nbsp;&nbsp;&nbsp;&nbsp;&nbsp;&nbsp; M\u00e2m&rsquo;d\u00ee &#8211; U.S.A.&nbsp;!<\/p>\n\n\n\n<p>R. JACOB&nbsp;&nbsp;&nbsp;&nbsp;&nbsp;&nbsp;&nbsp;&nbsp;&nbsp;&nbsp;&nbsp;&nbsp;&nbsp;&nbsp;&nbsp;&nbsp;&nbsp;&nbsp;&nbsp;&nbsp;&nbsp;&nbsp;&nbsp;&nbsp;&nbsp;&nbsp;&nbsp;&nbsp; D\u00e9couverte arch\u00e9ologique malm\u00e9dienne &#8230; \u00e0 Francfort&nbsp;!<\/p>\n\n\n\n<p>W. KAEFER&nbsp;&nbsp;&nbsp;&nbsp;&nbsp;&nbsp;&nbsp;&nbsp;&nbsp;&nbsp;&nbsp;&nbsp;&nbsp;&nbsp;&nbsp;&nbsp;&nbsp;&nbsp;&nbsp;&nbsp;&nbsp;&nbsp;&nbsp;&nbsp;&nbsp;&nbsp; La fin d\u2019une continue.<\/p>\n\n\n\n<p>W. KAEFER&nbsp;&nbsp;&nbsp;&nbsp;&nbsp;&nbsp;&nbsp;&nbsp;&nbsp;&nbsp;&nbsp;&nbsp;&nbsp;&nbsp;&nbsp;&nbsp;&nbsp;&nbsp;&nbsp;&nbsp;&nbsp;&nbsp;&nbsp;&nbsp;&nbsp;&nbsp; Deux sites arch\u00e9ologiques oubli\u00e9s.<\/p>\n\n\n\n<p>W. KAEFER&nbsp;&nbsp;&nbsp;&nbsp;&nbsp;&nbsp;&nbsp;&nbsp;&nbsp;&nbsp;&nbsp;&nbsp;&nbsp;&nbsp;&nbsp;&nbsp;&nbsp;&nbsp;&nbsp;&nbsp;&nbsp;&nbsp;&nbsp;&nbsp;&nbsp;&nbsp; Piti\u00e9 pour nos vieilles croix&nbsp;!<\/p>\n\n\n\n<p><strong><u>TOME 57 &#8211; 1997-1998. Tome du 75<sup>e<\/sup> anniversaire<\/u><\/strong><\/p>\n\n\n\n<p>J.&nbsp; BASTIN&nbsp;&nbsp;&nbsp;&nbsp;&nbsp;&nbsp;&nbsp;&nbsp;&nbsp;&nbsp;&nbsp;&nbsp;&nbsp;&nbsp;&nbsp;&nbsp;&nbsp;&nbsp;&nbsp;&nbsp;&nbsp;&nbsp;&nbsp;&nbsp;&nbsp;&nbsp;&nbsp; Nos r\u00e9volutionnaires malm\u00e9diens.<\/p>\n\n\n\n<p>J. DE BRUYNE&nbsp;&nbsp;&nbsp;&nbsp;&nbsp;&nbsp;&nbsp;&nbsp;&nbsp;&nbsp;&nbsp;&nbsp;&nbsp;&nbsp;&nbsp;&nbsp;&nbsp;&nbsp;&nbsp;&nbsp;&nbsp; Bornes dans la r\u00e9gion de Stavelot-Malmedy.<\/p>\n\n\n\n<p>C. de FOSSA&nbsp;&nbsp;&nbsp;&nbsp;&nbsp;&nbsp;&nbsp;&nbsp;&nbsp;&nbsp;&nbsp;&nbsp;&nbsp;&nbsp;&nbsp;&nbsp;&nbsp;&nbsp;&nbsp;&nbsp;&nbsp;&nbsp;&nbsp;&nbsp; Les vitraux armori\u00e9s de la Chapelle Saint-Lambert \u00e0 Stavelot.<\/p>\n\n\n\n<p>E. DE VOS&nbsp;&nbsp;&nbsp;&nbsp;&nbsp;&nbsp;&nbsp;&nbsp;&nbsp;&nbsp;&nbsp;&nbsp;&nbsp;&nbsp;&nbsp;&nbsp;&nbsp;&nbsp;&nbsp;&nbsp;&nbsp;&nbsp;&nbsp;&nbsp;&nbsp;&nbsp;&nbsp; Le carillon de la cath\u00e9drale.<\/p>\n\n\n\n<p>M. DEWALQUE&nbsp;&nbsp;&nbsp;&nbsp;&nbsp;&nbsp;&nbsp;&nbsp;&nbsp;&nbsp;&nbsp;&nbsp;&nbsp;&nbsp;&nbsp;&nbsp;&nbsp;&nbsp;&nbsp;&nbsp; L\u00e8s dj\u00e8yes \u00e8t l\u00e8s ne\u00fbs &#8211; Les noix et les noisettes.<\/p>\n\n\n\n<p>Ph. GEORGE&nbsp;&nbsp;&nbsp;&nbsp;&nbsp;&nbsp;&nbsp;&nbsp;&nbsp;&nbsp;&nbsp;&nbsp;&nbsp;&nbsp;&nbsp;&nbsp;&nbsp;&nbsp;&nbsp;&nbsp;&nbsp;&nbsp;&nbsp; Thierry de Leernes chez Poppon de Stavelot-Malmedy. Les r\u00e9formes aux  prises avec le diable.<\/p>\n\n\n\n<p>L. HALLEUX&nbsp;&nbsp;&nbsp;&nbsp;&nbsp;&nbsp;&nbsp;&nbsp;&nbsp;&nbsp;&nbsp;&nbsp;&nbsp;&nbsp;&nbsp;&nbsp;&nbsp;&nbsp;&nbsp;&nbsp;&nbsp;&nbsp;&nbsp;&nbsp;&nbsp; Malmedy et Waimes au jour le jour en 1995-1996.<\/p>\n\n\n\n<p>R. JACOB&nbsp;&nbsp;&nbsp;&nbsp;&nbsp;&nbsp;&nbsp;&nbsp;&nbsp;&nbsp;&nbsp;&nbsp;&nbsp;&nbsp;&nbsp;&nbsp;&nbsp;&nbsp;&nbsp;&nbsp;&nbsp;&nbsp;&nbsp;&nbsp;&nbsp;&nbsp;&nbsp;&nbsp; Malmedy-Folklore.<\/p>\n\n\n\n<p>R. JACOB&nbsp;&nbsp;&nbsp;&nbsp;&nbsp;&nbsp;&nbsp;&nbsp;&nbsp;&nbsp;&nbsp;&nbsp;&nbsp;&nbsp;&nbsp;&nbsp;&nbsp;&nbsp;&nbsp;&nbsp;&nbsp;&nbsp;&nbsp;&nbsp;&nbsp;&nbsp;&nbsp;&nbsp; Malm\u00e9diens sous les drapeaux (2<sup>e<\/sup>&nbsp; partie ) Les Campagnes de  Napol\u00e9on.<\/p>\n\n\n\n<p>R. JACOB&nbsp;&nbsp;&nbsp;&nbsp;&nbsp;&nbsp;&nbsp;&nbsp;&nbsp;&nbsp;&nbsp;&nbsp;&nbsp;&nbsp;&nbsp;&nbsp;&nbsp;&nbsp;&nbsp;&nbsp;&nbsp;&nbsp;&nbsp;&nbsp;&nbsp;&nbsp;&nbsp;&nbsp; Un malm\u00e9dien aux Gardes Wallonnes.<\/p>\n\n\n\n<p>R. JACOB&nbsp;&nbsp;&nbsp;&nbsp;&nbsp;&nbsp;&nbsp;&nbsp;&nbsp;&nbsp;&nbsp;&nbsp;&nbsp;&nbsp;&nbsp;&nbsp;&nbsp;&nbsp;&nbsp;&nbsp;&nbsp;&nbsp;&nbsp;&nbsp;&nbsp;&nbsp;&nbsp;&nbsp; Le manuscrit Depresseux. Un document inconnu de 1781-1816.<\/p>\n\n\n\n<p>R. JACOB&nbsp;&nbsp;&nbsp;&nbsp;&nbsp;&nbsp;&nbsp;&nbsp;&nbsp;&nbsp;&nbsp;&nbsp;&nbsp;&nbsp;&nbsp;&nbsp;&nbsp;&nbsp;&nbsp;&nbsp;&nbsp;&nbsp;&nbsp;&nbsp;&nbsp;&nbsp;&nbsp;&nbsp; H\u00e9raldique malm\u00e9dienne.<\/p>\n\n\n\n<p>R. JACOB&nbsp;&nbsp;&nbsp;&nbsp;&nbsp;&nbsp;&nbsp;&nbsp;&nbsp;&nbsp;&nbsp;&nbsp;&nbsp;&nbsp;&nbsp;&nbsp;&nbsp;&nbsp;&nbsp;&nbsp;&nbsp;&nbsp;&nbsp;&nbsp;&nbsp;&nbsp;&nbsp;&nbsp; Les poids et mesures \u00e0 Malmedy avant la R\u00e9volution Fran\u00e7aise.<\/p>\n\n\n\n<p>R. JACOB&nbsp;&nbsp;&nbsp;&nbsp;&nbsp;&nbsp;&nbsp;&nbsp;&nbsp;&nbsp;&nbsp;&nbsp;&nbsp;&nbsp;&nbsp;&nbsp;&nbsp;&nbsp;&nbsp;&nbsp;&nbsp;&nbsp;&nbsp;&nbsp;&nbsp;&nbsp;&nbsp;&nbsp; D\u00e9couverte d\u2019une dalle fun\u00e9raire malm\u00e9dienne \u00e0 Sankt Thomas an der Kyll.<\/p>\n\n\n\n<p>R. JACOB&nbsp;&nbsp;&nbsp;&nbsp;&nbsp;&nbsp;&nbsp;&nbsp;&nbsp;&nbsp;&nbsp;&nbsp;&nbsp;&nbsp;&nbsp;&nbsp;&nbsp;&nbsp;&nbsp;&nbsp;&nbsp;&nbsp;&nbsp;&nbsp;&nbsp;&nbsp;&nbsp;&nbsp; Le petit tram d\u2019Elsenborn.<\/p>\n\n\n\n<p>R. JACOB&nbsp;&nbsp;&nbsp;&nbsp;&nbsp;&nbsp;&nbsp;&nbsp;&nbsp;&nbsp;&nbsp;&nbsp;&nbsp;&nbsp;&nbsp;&nbsp;&nbsp;&nbsp;&nbsp;&nbsp;&nbsp;&nbsp;&nbsp;&nbsp;&nbsp;&nbsp;&nbsp;&nbsp; La manifestation Vinette.<\/p>\n\n\n\n<p>R. JACOB&nbsp;&nbsp;&nbsp;&nbsp;&nbsp;&nbsp;&nbsp;&nbsp;&nbsp;&nbsp;&nbsp;&nbsp;&nbsp;&nbsp;&nbsp;&nbsp;&nbsp;&nbsp;&nbsp;&nbsp;&nbsp;&nbsp;&nbsp;&nbsp;&nbsp;&nbsp;&nbsp;&nbsp; L\u2019\u00e9clipse de 1999.<\/p>\n\n\n\n<p>W. KAEFER&nbsp;&nbsp;&nbsp;&nbsp;&nbsp;&nbsp;&nbsp;&nbsp;&nbsp;&nbsp;&nbsp;&nbsp;&nbsp;&nbsp;&nbsp;&nbsp;&nbsp;&nbsp;&nbsp;&nbsp;&nbsp;&nbsp;&nbsp;&nbsp;&nbsp;&nbsp; L\u2019ancienne \u00e9glise Saint-G\u00e9r\u00e9on.<\/p>\n\n\n\n<p>W. KAEFER&nbsp;&nbsp;&nbsp;&nbsp;&nbsp;&nbsp;&nbsp;&nbsp;&nbsp;&nbsp;&nbsp;&nbsp;&nbsp;&nbsp;&nbsp;&nbsp;&nbsp;&nbsp;&nbsp;&nbsp;&nbsp;&nbsp;&nbsp;&nbsp;&nbsp;&nbsp; Steinbach &amp; Cie et le papier photographique.<\/p>\n\n\n\n<p>Ph. F. KRINGS&nbsp;&nbsp;&nbsp;&nbsp;&nbsp;&nbsp;&nbsp;&nbsp;&nbsp;&nbsp;&nbsp;&nbsp;&nbsp;&nbsp;&nbsp;&nbsp;&nbsp;&nbsp;&nbsp;&nbsp;&nbsp; Parmi les 195 bourgmestres de Malmedy.<\/p>\n\n\n\n<p>Ph. F. KRINGS&nbsp;&nbsp;&nbsp;&nbsp;&nbsp;&nbsp;&nbsp;&nbsp;&nbsp;&nbsp;&nbsp;&nbsp;&nbsp;&nbsp;&nbsp;&nbsp;&nbsp;&nbsp;&nbsp;&nbsp;&nbsp; Il y a 200 ans, &#8230; le bourgmestre Jean Georges Delvaux et son suppl\u00e9ant  Jean Guillaume Krings.<\/p>\n\n\n\n<p>Ph. F. KRINGS&nbsp;&nbsp;&nbsp;&nbsp;&nbsp;&nbsp;&nbsp;&nbsp;&nbsp;&nbsp;&nbsp;&nbsp;&nbsp;&nbsp;&nbsp;&nbsp;&nbsp;&nbsp;&nbsp;&nbsp;&nbsp; Le nom des rues de Malmedy.<\/p>\n\n\n\n<p>G. LAURENT&nbsp;&nbsp;&nbsp;&nbsp;&nbsp;&nbsp;&nbsp;&nbsp;&nbsp;&nbsp;&nbsp;&nbsp;&nbsp;&nbsp;&nbsp;&nbsp;&nbsp;&nbsp;&nbsp;&nbsp;&nbsp;&nbsp;&nbsp;&nbsp; Quand le griffon frappait \u00e0 note porte. Otto Skorzeny.<\/p>\n\n\n\n<p>A. LEDUR&nbsp;&nbsp;&nbsp;&nbsp;&nbsp;&nbsp;&nbsp;&nbsp;&nbsp;&nbsp;&nbsp;&nbsp;&nbsp;&nbsp;&nbsp;&nbsp;&nbsp;&nbsp;&nbsp;&nbsp;&nbsp;&nbsp;&nbsp;&nbsp;&nbsp;&nbsp;&nbsp;&nbsp;&nbsp; On a retrouv\u00e9 le retable de Ligneuville.<\/p>\n\n\n\n<p>G. LEJOLY&nbsp;&nbsp;&nbsp;&nbsp;&nbsp;&nbsp;&nbsp;&nbsp;&nbsp;&nbsp;&nbsp;&nbsp;&nbsp;&nbsp;&nbsp;&nbsp;&nbsp;&nbsp;&nbsp;&nbsp;&nbsp;&nbsp;&nbsp;&nbsp;&nbsp;&nbsp;&nbsp; La s\u00e9cheresse de 1921 et nos derniers herdiers.<\/p>\n\n\n\n<p>A. LELOUP&nbsp;&nbsp;&nbsp;&nbsp;&nbsp;&nbsp;&nbsp;&nbsp;&nbsp;&nbsp;&nbsp;&nbsp;&nbsp;&nbsp;&nbsp;&nbsp;&nbsp;&nbsp;&nbsp;&nbsp;&nbsp;&nbsp;&nbsp;&nbsp;&nbsp;&nbsp;&nbsp; Saint Remacle patron de la Fagnes.<\/p>\n\n\n\n<p>P. MOXHET&nbsp;&nbsp;&nbsp;&nbsp;&nbsp;&nbsp;&nbsp;&nbsp;&nbsp;&nbsp;&nbsp;&nbsp;&nbsp;&nbsp;&nbsp;&nbsp;&nbsp;&nbsp;&nbsp;&nbsp;&nbsp;&nbsp;&nbsp;&nbsp;&nbsp; Nos tanneries vers 1800.<\/p>\n\n\n\n<p>H. THIMISTER&nbsp;&nbsp;&nbsp;&nbsp;&nbsp;&nbsp;&nbsp;&nbsp;&nbsp;&nbsp;&nbsp;&nbsp;&nbsp;&nbsp;&nbsp;&nbsp;&nbsp;&nbsp;&nbsp;&nbsp;&nbsp; Les cloches de l\u2019\u00e9glise de Waimes.<\/p>\n\n\n\n<p>H. THIMISTER&nbsp;&nbsp;&nbsp;&nbsp;&nbsp;&nbsp;&nbsp;&nbsp;&nbsp;&nbsp;&nbsp;&nbsp;&nbsp;&nbsp;&nbsp;&nbsp;&nbsp;&nbsp;&nbsp;&nbsp;&nbsp; L\u2019\u00e9glise et la paroisse de Waimes.<\/p>\n\n\n\n<p>L. RADOUX&nbsp;&nbsp;&nbsp;&nbsp;&nbsp;&nbsp;&nbsp;&nbsp;&nbsp;&nbsp;&nbsp;&nbsp;&nbsp;&nbsp;&nbsp;&nbsp;&nbsp;&nbsp;&nbsp;&nbsp;&nbsp;&nbsp;&nbsp;&nbsp;&nbsp;&nbsp; L\u2019\u00e9tablissement du poids public \u00e0 Malmedy en 1812.<\/p>\n\n\n\n<p><strong><u>TOME 58 &#8211; 1999-2000<\/u><\/strong><\/p>\n\n\n\n<p>L. HALLEUX&nbsp;&nbsp;&nbsp;&nbsp;&nbsp;&nbsp;&nbsp;&nbsp;&nbsp;&nbsp;&nbsp;&nbsp;&nbsp;&nbsp;&nbsp;&nbsp;&nbsp;&nbsp;&nbsp;&nbsp;&nbsp;&nbsp;&nbsp;&nbsp;&nbsp; Malmedy et Waimes au jour le jour, 1997 et 1998.<\/p>\n\n\n\n<p>R. JACOB&nbsp;&nbsp;&nbsp;&nbsp;&nbsp;&nbsp;&nbsp;&nbsp;&nbsp;&nbsp;&nbsp;&nbsp;&nbsp;&nbsp;&nbsp;&nbsp;&nbsp;&nbsp;&nbsp;&nbsp;&nbsp;&nbsp;&nbsp;&nbsp;&nbsp;&nbsp;&nbsp;&nbsp; La cerise de Stavelot.<\/p>\n\n\n\n<p>R. JACOB&nbsp;&nbsp;&nbsp;&nbsp;&nbsp;&nbsp;&nbsp;&nbsp;&nbsp;&nbsp;&nbsp;&nbsp;&nbsp;&nbsp;&nbsp;&nbsp;&nbsp;&nbsp;&nbsp;&nbsp;&nbsp;&nbsp;&nbsp;&nbsp;&nbsp;&nbsp;&nbsp;&nbsp; Ponsart et la rose de J\u00e9rico.<\/p>\n\n\n\n<p>R. JACOB&nbsp;&nbsp;&nbsp;&nbsp;&nbsp;&nbsp;&nbsp;&nbsp;&nbsp;&nbsp;&nbsp;&nbsp;&nbsp;&nbsp;&nbsp;&nbsp;&nbsp;&nbsp;&nbsp;&nbsp;&nbsp;&nbsp;&nbsp;&nbsp;&nbsp;&nbsp;&nbsp;&nbsp; Italiens sans le savoir.<\/p>\n\n\n\n<p>R. JACOB&nbsp;&nbsp;&nbsp;&nbsp;&nbsp;&nbsp;&nbsp;&nbsp;&nbsp;&nbsp;&nbsp;&nbsp;&nbsp;&nbsp;&nbsp;&nbsp;&nbsp;&nbsp;&nbsp;&nbsp;&nbsp;&nbsp;&nbsp;&nbsp;&nbsp;&nbsp;&nbsp;&nbsp; H\u00e9raldique malm\u00e9dienne (2).<\/p>\n\n\n\n<p>R. JACOB&nbsp;&nbsp;&nbsp;&nbsp;&nbsp;&nbsp;&nbsp;&nbsp;&nbsp;&nbsp;&nbsp;&nbsp;&nbsp;&nbsp;&nbsp;&nbsp;&nbsp;&nbsp;&nbsp;&nbsp;&nbsp;&nbsp;&nbsp;&nbsp;&nbsp;&nbsp;&nbsp;&nbsp; D\u00e9couverte dans une maison \u00e0 Warche.<\/p>\n\n\n\n<p>R. JACOB&nbsp;&nbsp;&nbsp;&nbsp;&nbsp;&nbsp;&nbsp;&nbsp;&nbsp;&nbsp;&nbsp;&nbsp;&nbsp;&nbsp;&nbsp;&nbsp;&nbsp;&nbsp;&nbsp;&nbsp;&nbsp;&nbsp;&nbsp;&nbsp;&nbsp;&nbsp;&nbsp;&nbsp; Enqu\u00eate sur des armoiries orphelines \u00e0 Stavelot.<\/p>\n\n\n\n<p>R. JACOB&nbsp;&nbsp;&nbsp;&nbsp;&nbsp;&nbsp;&nbsp;&nbsp;&nbsp;&nbsp;&nbsp;&nbsp;&nbsp;&nbsp;&nbsp;&nbsp;&nbsp;&nbsp;&nbsp;&nbsp;&nbsp;&nbsp;&nbsp;&nbsp;&nbsp;&nbsp;&nbsp;&nbsp; J\u00fcngling et Malmundaria.<\/p>\n\n\n\n<p>R. JACOB&nbsp;&nbsp;&nbsp;&nbsp;&nbsp;&nbsp;&nbsp;&nbsp;&nbsp;&nbsp;&nbsp;&nbsp;&nbsp;&nbsp;&nbsp;&nbsp;&nbsp;&nbsp;&nbsp;&nbsp;&nbsp;&nbsp;&nbsp;&nbsp;&nbsp;&nbsp;&nbsp;&nbsp; Malm\u00e9diens sous les drapeaux (&nbsp;3<sup>e<\/sup> partie&nbsp;). La guerre de 1870-1871.<\/p>\n\n\n\n<p>W. KAEFER&nbsp;&nbsp;&nbsp;&nbsp;&nbsp;&nbsp;&nbsp;&nbsp;&nbsp;&nbsp;&nbsp;&nbsp;&nbsp;&nbsp;&nbsp;&nbsp;&nbsp;&nbsp;&nbsp;&nbsp;&nbsp;&nbsp;&nbsp;&nbsp;&nbsp;&nbsp; Nicolas Kinon, un malm\u00e9dien leader mondial de l\u2019industrie du verre.<\/p>\n\n\n\n<p>W. KAEFER&nbsp;&nbsp;&nbsp;&nbsp;&nbsp;&nbsp;&nbsp;&nbsp;&nbsp;&nbsp;&nbsp;&nbsp;&nbsp;&nbsp;&nbsp;&nbsp;&nbsp;&nbsp;&nbsp;&nbsp;&nbsp;&nbsp;&nbsp;&nbsp;&nbsp;&nbsp; L\u2019ancienne cartonnerie de Refat.<\/p>\n\n\n\n<p>Ph. F. KRINGS&nbsp;&nbsp;&nbsp;&nbsp;&nbsp;&nbsp;&nbsp;&nbsp;&nbsp;&nbsp;&nbsp;&nbsp;&nbsp;&nbsp;&nbsp;&nbsp;&nbsp;&nbsp;&nbsp;&nbsp;&nbsp; Saint Quirin \u00e0 Malmedy<\/p>\n\n\n\n<p>J. L. MATHY&nbsp;&nbsp;&nbsp;&nbsp;&nbsp;&nbsp;&nbsp;&nbsp;&nbsp;&nbsp;&nbsp;&nbsp;&nbsp;&nbsp;&nbsp;&nbsp;&nbsp;&nbsp;&nbsp;&nbsp;&nbsp;&nbsp;&nbsp;&nbsp;&nbsp; La Confr\u00e9rie de l\u2019Omelette g\u00e9ante.<\/p>\n\n\n\n<p>P. MOXHET&nbsp;&nbsp;&nbsp;&nbsp;&nbsp;&nbsp;&nbsp;&nbsp;&nbsp;&nbsp;&nbsp;&nbsp;&nbsp;&nbsp;&nbsp;&nbsp;&nbsp;&nbsp;&nbsp;&nbsp;&nbsp;&nbsp;&nbsp;&nbsp;&nbsp; Le monument Apollinaire \u00e0 B\u00e9verc\u00e9.<\/p>\n\n\n\n<p>P. MOXHET&nbsp;&nbsp;&nbsp;&nbsp;&nbsp;&nbsp;&nbsp;&nbsp;&nbsp;&nbsp;&nbsp;&nbsp;&nbsp;&nbsp;&nbsp;&nbsp;&nbsp;&nbsp;&nbsp;&nbsp;&nbsp;&nbsp;&nbsp;&nbsp;&nbsp; Une lettre chiffr\u00e9e de Malmedy \u00e0 Ol\u00e9ron intercept\u00e9e par la police de Fouch\u00e9.<\/p>\n\n\n\n<p>G. LEJOLY&nbsp;&nbsp;&nbsp;&nbsp;&nbsp;&nbsp;&nbsp;&nbsp;&nbsp;&nbsp;&nbsp;&nbsp;&nbsp;&nbsp;&nbsp;&nbsp;&nbsp;&nbsp;&nbsp;&nbsp;&nbsp;&nbsp;&nbsp;&nbsp;&nbsp;&nbsp;&nbsp; Le corps forestier \u00e0 Faymonville et Waimes en 1945.<\/p>\n\n\n\n<p>B. LAMBOTTE et B. NEURAY&nbsp;&nbsp;&nbsp;&nbsp; Les abbatiales de Stavelot.<\/p>\n\n\n\n<p>N. PAGOTTO&nbsp;&nbsp;&nbsp;&nbsp;&nbsp;&nbsp;&nbsp;&nbsp;&nbsp;&nbsp;&nbsp;&nbsp;&nbsp;&nbsp;&nbsp;&nbsp;&nbsp;&nbsp;&nbsp;&nbsp;&nbsp;&nbsp;&nbsp; Mosa\u00efque et granito.<\/p>\n\n\n\n<p>N. PAGOTTO&nbsp;&nbsp;&nbsp;&nbsp;&nbsp;&nbsp;&nbsp;&nbsp;&nbsp;&nbsp;&nbsp;&nbsp;&nbsp;&nbsp;&nbsp;&nbsp;&nbsp;&nbsp;&nbsp;&nbsp;&nbsp;&nbsp;&nbsp; Un si\u00e8cle de pr\u00e9sence italienne en Wallonie malm\u00e9dienne.<\/p>\n\n\n\n<p>R. RASKIN et R. JACOB&nbsp;&nbsp;&nbsp;&nbsp;&nbsp;&nbsp;&nbsp; Les cours de danse \u00e0 Malmedy.<\/p>\n\n\n\n<p>N. THUNUS&nbsp;&nbsp;&nbsp;&nbsp;&nbsp;&nbsp;&nbsp;&nbsp;&nbsp;&nbsp;&nbsp;&nbsp;&nbsp;&nbsp;&nbsp;&nbsp;&nbsp;&nbsp;&nbsp;&nbsp;&nbsp;&nbsp;&nbsp;&nbsp;&nbsp;&nbsp; \u00ab Amon Balth\u00bb \u00e0 Robertville (1522-1964). Chronique d\u2019une maison et de ses occupants.<\/p>\n\n\n\n<p><strong><u>TOME 59 &#8211; 2001-2002<\/u><\/strong><\/p>\n\n\n\n<p>L. DISLAIRE&nbsp;&nbsp;&nbsp;&nbsp;&nbsp;&nbsp;&nbsp;&nbsp;&nbsp;&nbsp;&nbsp;&nbsp;&nbsp;&nbsp;&nbsp;&nbsp;&nbsp;&nbsp;&nbsp;&nbsp;&nbsp;&nbsp;&nbsp;&nbsp;&nbsp; D\u00e9couvertes de dix vues in\u00e9dites de Malmedy vers 1890.<\/p>\n\n\n\n<p>Ph. GEORGE&nbsp;&nbsp;&nbsp;&nbsp;&nbsp;&nbsp;&nbsp;&nbsp;&nbsp;&nbsp;&nbsp;&nbsp;&nbsp;&nbsp;&nbsp;&nbsp;&nbsp;&nbsp;&nbsp;&nbsp;&nbsp;&nbsp;&nbsp; La m\u00e9moire des morts \u00e0 Stavelot-Malmedy des origines au 12<sup>e<\/sup> si\u00e8cle<\/p>\n\n\n\n<p>L. HALLEUX&nbsp;&nbsp;&nbsp;&nbsp;&nbsp;&nbsp;&nbsp;&nbsp;&nbsp;&nbsp;&nbsp;&nbsp;&nbsp;&nbsp;&nbsp;&nbsp;&nbsp;&nbsp;&nbsp;&nbsp;&nbsp;&nbsp;&nbsp;&nbsp;&nbsp; Malmedy, Waimes, Stavelot au jour le jour, 1999 -2000.<\/p>\n\n\n\n<p>R. JACOB&nbsp;&nbsp;&nbsp;&nbsp;&nbsp;&nbsp;&nbsp;&nbsp;&nbsp;&nbsp;&nbsp;&nbsp;&nbsp;&nbsp;&nbsp;&nbsp;&nbsp;&nbsp;&nbsp;&nbsp;&nbsp;&nbsp;&nbsp;&nbsp;&nbsp;&nbsp;&nbsp;&nbsp; Jubil\u00e9 de Walter Kaefer, notre Pr\u00e9sident d\u2019Honneur<\/p>\n\n\n\n<p>R. JACOB&nbsp;&nbsp;&nbsp;&nbsp;&nbsp;&nbsp;&nbsp;&nbsp;&nbsp;&nbsp;&nbsp;&nbsp;&nbsp;&nbsp;&nbsp;&nbsp;&nbsp;&nbsp;&nbsp;&nbsp;&nbsp;&nbsp;&nbsp;&nbsp;&nbsp;&nbsp;&nbsp;&nbsp; Des otages malm\u00e9diens au 18<sup>e<\/sup> si\u00e8cle<\/p>\n\n\n\n<p>R. JACOB&nbsp;&nbsp;&nbsp;&nbsp;&nbsp;&nbsp;&nbsp;&nbsp;&nbsp;&nbsp;&nbsp;&nbsp;&nbsp;&nbsp;&nbsp;&nbsp;&nbsp;&nbsp;&nbsp;&nbsp;&nbsp;&nbsp;&nbsp;&nbsp;&nbsp;&nbsp;&nbsp;&nbsp; Une taque armori\u00e9e d\u00e9couverte \u00e0 Arimont.<\/p>\n\n\n\n<p>R. JACOB&nbsp;&nbsp;&nbsp;&nbsp;&nbsp;&nbsp;&nbsp;&nbsp;&nbsp;&nbsp;&nbsp;&nbsp;&nbsp;&nbsp;&nbsp;&nbsp;&nbsp;&nbsp;&nbsp;&nbsp;&nbsp;&nbsp;&nbsp;&nbsp;&nbsp;&nbsp;&nbsp;&nbsp; Deux Malm\u00e9diens au service de Maximilien d\u2019Autriche.<\/p>\n\n\n\n<p>R. JACOB&nbsp;&nbsp;&nbsp;&nbsp;&nbsp;&nbsp;&nbsp;&nbsp;&nbsp;&nbsp;&nbsp;&nbsp;&nbsp;&nbsp;&nbsp;&nbsp;&nbsp;&nbsp;&nbsp;&nbsp;&nbsp;&nbsp;&nbsp;&nbsp;&nbsp;&nbsp;&nbsp;&nbsp; La plus vieille maison de Malmedy et la famille G\u00e9ron.<\/p>\n\n\n\n<p>R. JACOB&nbsp;&nbsp;&nbsp;&nbsp;&nbsp;&nbsp;&nbsp;&nbsp;&nbsp;&nbsp;&nbsp;&nbsp;&nbsp;&nbsp;&nbsp;&nbsp;&nbsp;&nbsp;&nbsp;&nbsp;&nbsp;&nbsp;&nbsp;&nbsp;&nbsp;&nbsp;&nbsp;&nbsp; Les deux P\u00e8res G\u00e9ron, missionnaires j\u00e9suites en Indes.<\/p>\n\n\n\n<p>R. JACOB&nbsp;&nbsp;&nbsp;&nbsp;&nbsp;&nbsp;&nbsp;&nbsp;&nbsp;&nbsp;&nbsp;&nbsp;&nbsp;&nbsp;&nbsp;&nbsp;&nbsp;&nbsp;&nbsp;&nbsp;&nbsp;&nbsp;&nbsp;&nbsp;&nbsp;&nbsp;&nbsp;&nbsp; L\u2019abb\u00e9 P\u00e9ters, r\u00e9sistant malm\u00e9dien.<\/p>\n\n\n\n<p>R. JACOB&nbsp;&nbsp;&nbsp;&nbsp;&nbsp;&nbsp;&nbsp;&nbsp;&nbsp;&nbsp;&nbsp;&nbsp;&nbsp;&nbsp;&nbsp;&nbsp;&nbsp;&nbsp;&nbsp;&nbsp;&nbsp;&nbsp;&nbsp;&nbsp;&nbsp;&nbsp;&nbsp;&nbsp; Du Malmedy au Wielingen.<\/p>\n\n\n\n<p>R. JACOB&nbsp;&nbsp;&nbsp;&nbsp;&nbsp;&nbsp;&nbsp;&nbsp;&nbsp;&nbsp;&nbsp;&nbsp;&nbsp;&nbsp;&nbsp;&nbsp;&nbsp;&nbsp;&nbsp;&nbsp;&nbsp;&nbsp;&nbsp;&nbsp;&nbsp;&nbsp;&nbsp;&nbsp; J\u2019\u00e9tais \u00e0 Manhattan le 11 septembre 2001.<\/p>\n\n\n\n<p>R. JACOB&nbsp;&nbsp;&nbsp;&nbsp;&nbsp;&nbsp;&nbsp;&nbsp;&nbsp;&nbsp;&nbsp;&nbsp;&nbsp;&nbsp;&nbsp;&nbsp;&nbsp;&nbsp;&nbsp;&nbsp;&nbsp;&nbsp;&nbsp;&nbsp;&nbsp;&nbsp;&nbsp;&nbsp; Malm\u00e9diens sous les drapeaux (4) : 1914-1918.<\/p>\n\n\n\n<p>R. JACOB&nbsp;&nbsp;&nbsp;&nbsp;&nbsp;&nbsp;&nbsp;&nbsp;&nbsp;&nbsp;&nbsp;&nbsp;&nbsp;&nbsp;&nbsp;&nbsp;&nbsp;&nbsp;&nbsp;&nbsp;&nbsp;&nbsp;&nbsp;&nbsp;&nbsp;&nbsp;&nbsp;&nbsp; Jean Nicolas Fran\u00e7ois Ponsard, professeur de dessin.<\/p>\n\n\n\n<p>R. JACOB&nbsp;&nbsp;&nbsp;&nbsp;&nbsp;&nbsp;&nbsp;&nbsp;&nbsp;&nbsp;&nbsp;&nbsp;&nbsp;&nbsp;&nbsp;&nbsp;&nbsp;&nbsp;&nbsp;&nbsp;&nbsp;&nbsp;&nbsp;&nbsp;&nbsp;&nbsp;&nbsp;&nbsp; Deux documents in\u00e9dits sur le J\u00fcngling.<\/p>\n\n\n\n<p>R. JACOB&nbsp;&nbsp;&nbsp;&nbsp;&nbsp;&nbsp;&nbsp;&nbsp;&nbsp;&nbsp;&nbsp;&nbsp;&nbsp;&nbsp;&nbsp;&nbsp;&nbsp;&nbsp;&nbsp;&nbsp;&nbsp;&nbsp;&nbsp;&nbsp;&nbsp;&nbsp;&nbsp;&nbsp; Le Prieur Cornesse de Stavelot.<\/p>\n\n\n\n<p>R. JACOB&nbsp;&nbsp;&nbsp;&nbsp;&nbsp;&nbsp;&nbsp;&nbsp;&nbsp;&nbsp;&nbsp;&nbsp;&nbsp;&nbsp;&nbsp;&nbsp;&nbsp;&nbsp;&nbsp;&nbsp;&nbsp;&nbsp;&nbsp;&nbsp;&nbsp;&nbsp;&nbsp;&nbsp; Un cur\u00e9 malm\u00e9dien au pays de Mathilde.<\/p>\n\n\n\n<p>R. JACOB&nbsp;&nbsp;&nbsp;&nbsp;&nbsp;&nbsp;&nbsp;&nbsp;&nbsp;&nbsp;&nbsp;&nbsp;&nbsp;&nbsp;&nbsp;&nbsp;&nbsp;&nbsp;&nbsp;&nbsp;&nbsp;&nbsp;&nbsp;&nbsp;&nbsp;&nbsp;&nbsp;&nbsp; Lu Cwane Nonor.<\/p>\n\n\n\n<p>W. KAEFER&nbsp;&nbsp;&nbsp;&nbsp;&nbsp;&nbsp;&nbsp;&nbsp;&nbsp;&nbsp;&nbsp;&nbsp;&nbsp;&nbsp;&nbsp;&nbsp;&nbsp;&nbsp;&nbsp;&nbsp;&nbsp;&nbsp;&nbsp;&nbsp;&nbsp;&nbsp; Le Moulin Kalb\u00fcsch \u00e0 B\u00e9verc\u00e9.<\/p>\n\n\n\n<p>E. KRINGS &nbsp;&nbsp;&nbsp;&nbsp;&nbsp;&nbsp;&nbsp;&nbsp;&nbsp;&nbsp;&nbsp;&nbsp;&nbsp;&nbsp;&nbsp;&nbsp;&nbsp;&nbsp;&nbsp;&nbsp;&nbsp;&nbsp;&nbsp;&nbsp;&nbsp;&nbsp; Un Malm\u00e9dien, Chevalier de la L\u00e9gion d\u2019Honneur.<\/p>\n\n\n\n<p>Ph. F. KRINGS&nbsp;&nbsp;&nbsp;&nbsp;&nbsp;&nbsp;&nbsp;&nbsp;&nbsp;&nbsp;&nbsp;&nbsp;&nbsp;&nbsp;&nbsp;&nbsp;&nbsp;&nbsp;&nbsp;&nbsp;&nbsp; Fritz Maiter et les cent ans de notre H\u00f4tel de Ville.<\/p>\n\n\n\n<p>Ph. F. KRINGS&nbsp;&nbsp;&nbsp;&nbsp;&nbsp;&nbsp;&nbsp;&nbsp;&nbsp;&nbsp;&nbsp;&nbsp;&nbsp;&nbsp;&nbsp;&nbsp;&nbsp;&nbsp;&nbsp;&nbsp;&nbsp; Un Lancaster canadien s\u2019\u00e9crase pr\u00e8s de H\u00e8domont, le 20 d\u00e9cembre 1943.<\/p>\n\n\n\n<p>G. LEJOLY&nbsp;&nbsp;&nbsp;&nbsp;&nbsp;&nbsp;&nbsp;&nbsp;&nbsp;&nbsp;&nbsp;&nbsp;&nbsp;&nbsp;&nbsp;&nbsp;&nbsp;&nbsp;&nbsp;&nbsp;&nbsp;&nbsp;&nbsp;&nbsp;&nbsp;&nbsp;&nbsp; Vivre au Mont Rigi au d\u00e9but du si\u00e8cle pass\u00e9.<\/p>\n\n\n\n<p>G. LEJOLY&nbsp;&nbsp;&nbsp;&nbsp;&nbsp;&nbsp;&nbsp;&nbsp;&nbsp;&nbsp;&nbsp;&nbsp;&nbsp;&nbsp;&nbsp;&nbsp;&nbsp;&nbsp;&nbsp;&nbsp;&nbsp;&nbsp;&nbsp;&nbsp;&nbsp;&nbsp;&nbsp; Un crash de la Luftwaffe \u00e0 Ondenval en novembre 1943.<\/p>\n\n\n\n<p>P. MOXHET&nbsp;&nbsp;&nbsp;&nbsp;&nbsp;&nbsp;&nbsp;&nbsp;&nbsp;&nbsp;&nbsp;&nbsp;&nbsp;&nbsp;&nbsp;&nbsp;&nbsp;&nbsp;&nbsp;&nbsp;&nbsp;&nbsp;&nbsp;&nbsp;&nbsp; Les 50 ans du monast\u00e8re Saint Remacle \u00e0 Wavreumont.<\/p>\n\n\n\n<p>R. RASKIN&nbsp;&nbsp;&nbsp;&nbsp;&nbsp;&nbsp;&nbsp;&nbsp;&nbsp;&nbsp;&nbsp;&nbsp;&nbsp;&nbsp;&nbsp;&nbsp;&nbsp;&nbsp;&nbsp;&nbsp;&nbsp;&nbsp;&nbsp;&nbsp;&nbsp;&nbsp;&nbsp; Ambiorix \u00e0 Malmedy.<\/p>\n\n\n\n<p>F. THEATRE&nbsp;&nbsp;&nbsp;&nbsp;&nbsp;&nbsp;&nbsp;&nbsp;&nbsp;&nbsp;&nbsp;&nbsp;&nbsp;&nbsp;&nbsp;&nbsp;&nbsp;&nbsp;&nbsp;&nbsp;&nbsp;&nbsp;&nbsp;&nbsp; Du gibet de Barvaux \u00e0 la potence de Floriheid : o\u00f9 furent enterr\u00e9s les fr\u00e8res  Renard&nbsp;?<\/p>\n\n\n\n<p>N. THUNUS&nbsp;&nbsp;&nbsp;&nbsp;&nbsp;&nbsp;&nbsp;&nbsp;&nbsp;&nbsp;&nbsp;&nbsp;&nbsp;&nbsp;&nbsp;&nbsp;&nbsp;&nbsp;&nbsp;&nbsp;&nbsp;&nbsp;&nbsp;&nbsp;&nbsp;&nbsp; Un viol en 1743 en bord de Warche.<\/p>\n\n\n\n<p>N. THUNUS&nbsp;&nbsp;&nbsp;&nbsp;&nbsp;&nbsp;&nbsp;&nbsp;&nbsp;&nbsp;&nbsp;&nbsp;&nbsp;&nbsp;&nbsp;&nbsp;&nbsp;&nbsp;&nbsp;&nbsp;&nbsp;&nbsp;&nbsp;&nbsp;&nbsp;&nbsp; Les tribulations d\u2019un instituteur wallon \u00e0 l\u2019\u00e9poque de la germanisation.<\/p>\n\n\n\n<p><strong><u>TOME 60 &#8211; 2003-2005<\/u><\/strong><\/p>\n\n\n\n<p>R. JACOB&nbsp;&nbsp;&nbsp;&nbsp;&nbsp;&nbsp;&nbsp;&nbsp;&nbsp;&nbsp;&nbsp;&nbsp;&nbsp;&nbsp;&nbsp;&nbsp;&nbsp;&nbsp;&nbsp;&nbsp;&nbsp;&nbsp;&nbsp;&nbsp;&nbsp;&nbsp;&nbsp;&nbsp; In Memoriam : Walter Kaefer.<\/p>\n\n\n\n<p>R. JACOB&nbsp;&nbsp;&nbsp;&nbsp;&nbsp;&nbsp;&nbsp;&nbsp;&nbsp;&nbsp;&nbsp;&nbsp;&nbsp;&nbsp;&nbsp;&nbsp;&nbsp;&nbsp;&nbsp;&nbsp;&nbsp;&nbsp;&nbsp;&nbsp;&nbsp;&nbsp;&nbsp;&nbsp; Le Monument de l\u2019Abb\u00e9 P\u00e9ters<\/p>\n\n\n\n<p>R. JACOB&nbsp;&nbsp;&nbsp;&nbsp;&nbsp;&nbsp;&nbsp;&nbsp;&nbsp;&nbsp;&nbsp;&nbsp;&nbsp;&nbsp;&nbsp;&nbsp;&nbsp;&nbsp;&nbsp;&nbsp;&nbsp;&nbsp;&nbsp;&nbsp;&nbsp;&nbsp;&nbsp;&nbsp; Malmedy-Timbre<\/p>\n\n\n\n<p>R. JACOB&nbsp;&nbsp;&nbsp;&nbsp;&nbsp;&nbsp;&nbsp;&nbsp;&nbsp;&nbsp;&nbsp;&nbsp;&nbsp;&nbsp;&nbsp;&nbsp;&nbsp;&nbsp;&nbsp;&nbsp;&nbsp;&nbsp;&nbsp;&nbsp;&nbsp;&nbsp;&nbsp;&nbsp; Fran\u00e7ois Grondal, \u201chorlogeur\u201d \u00e0 Malmedy au XVIII<sup>\u00e8<\/sup> si\u00e8cle.<\/p>\n\n\n\n<p>R. JACOB&nbsp;&nbsp;&nbsp;&nbsp;&nbsp;&nbsp;&nbsp;&nbsp;&nbsp;&nbsp;&nbsp;&nbsp;&nbsp;&nbsp;&nbsp;&nbsp;&nbsp;&nbsp;&nbsp;&nbsp;&nbsp;&nbsp;&nbsp;&nbsp;&nbsp;&nbsp;&nbsp;&nbsp; Quand Malmedy devient &#8230; nom de famille&nbsp;!<\/p>\n\n\n\n<p>R. JACOB&nbsp;&nbsp;&nbsp;&nbsp;&nbsp;&nbsp;&nbsp;&nbsp;&nbsp;&nbsp;&nbsp;&nbsp;&nbsp;&nbsp;&nbsp;&nbsp;&nbsp;&nbsp;&nbsp;&nbsp;&nbsp;&nbsp;&nbsp;&nbsp;&nbsp;&nbsp;&nbsp;&nbsp; Le petit Jules.<\/p>\n\n\n\n<p>R. JACOB &nbsp;&nbsp;&nbsp;&nbsp;&nbsp;&nbsp;&nbsp;&nbsp;&nbsp;&nbsp;&nbsp;&nbsp;&nbsp;&nbsp;&nbsp;&nbsp;&nbsp;&nbsp;&nbsp;&nbsp;&nbsp;&nbsp;&nbsp;&nbsp;&nbsp;&nbsp;&nbsp; Du nouveau sur la Chapelle Fischbach.<\/p>\n\n\n\n<p>R. JACOB&nbsp;&nbsp;&nbsp;&nbsp;&nbsp;&nbsp;&nbsp;&nbsp;&nbsp;&nbsp;&nbsp;&nbsp;&nbsp;&nbsp;&nbsp;&nbsp;&nbsp;&nbsp;&nbsp;&nbsp;&nbsp;&nbsp;&nbsp;&nbsp;&nbsp;&nbsp;&nbsp;&nbsp; Un m\u00e9tier disparu&nbsp;: le bedeau.<\/p>\n\n\n\n<p>R. JACOB&nbsp;&nbsp;&nbsp;&nbsp;&nbsp;&nbsp;&nbsp;&nbsp;&nbsp;&nbsp;&nbsp;&nbsp;&nbsp;&nbsp;&nbsp;&nbsp;&nbsp;&nbsp;&nbsp;&nbsp;&nbsp;&nbsp;&nbsp;&nbsp;&nbsp;&nbsp;&nbsp;&nbsp; Au temps de nos sages-femmes et accoucheuses \u00e0 domicile.<\/p>\n\n\n\n<p>R. JACOB&nbsp;&nbsp;&nbsp;&nbsp;&nbsp;&nbsp;&nbsp;&nbsp;&nbsp;&nbsp;&nbsp;&nbsp;&nbsp;&nbsp;&nbsp;&nbsp;&nbsp;&nbsp;&nbsp;&nbsp;&nbsp;&nbsp;&nbsp;&nbsp;&nbsp;&nbsp;&nbsp;&nbsp; L\u2019ob\u00e9lisque place Albert I<sup>er<\/sup>.<\/p>\n\n\n\n<p>R. JACOB&nbsp;&nbsp;&nbsp;&nbsp;&nbsp;&nbsp;&nbsp;&nbsp;&nbsp;&nbsp;&nbsp;&nbsp;&nbsp;&nbsp;&nbsp;&nbsp;&nbsp;&nbsp;&nbsp;&nbsp;&nbsp;&nbsp;&nbsp;&nbsp;&nbsp;&nbsp;&nbsp;&nbsp; Des Abinet malm\u00e9diens en Argentine.<\/p>\n\n\n\n<p>R. JACOB&nbsp;&nbsp;&nbsp;&nbsp;&nbsp;&nbsp;&nbsp;&nbsp;&nbsp;&nbsp;&nbsp;&nbsp;&nbsp;&nbsp;&nbsp;&nbsp;&nbsp;&nbsp;&nbsp;&nbsp;&nbsp;&nbsp;&nbsp;&nbsp;&nbsp;&nbsp;&nbsp;&nbsp; Le portrait restaur\u00e9 d\u2019Anne Marie Faymonville.<\/p>\n\n\n\n<p>R. JACOB&nbsp;&nbsp;&nbsp;&nbsp;&nbsp;&nbsp;&nbsp;&nbsp;&nbsp;&nbsp;&nbsp;&nbsp;&nbsp;&nbsp;&nbsp;&nbsp;&nbsp;&nbsp;&nbsp;&nbsp;&nbsp;&nbsp;&nbsp;&nbsp;&nbsp;&nbsp;&nbsp;&nbsp; Le \u00ab Ristorante\u00bb de B\u00e9verc\u00e9.<\/p>\n\n\n\n<p>R. JACOB&nbsp;&nbsp;&nbsp;&nbsp;&nbsp;&nbsp;&nbsp;&nbsp;&nbsp;&nbsp;&nbsp;&nbsp;&nbsp;&nbsp;&nbsp;&nbsp;&nbsp;&nbsp;&nbsp;&nbsp;&nbsp;&nbsp;&nbsp;&nbsp;&nbsp;&nbsp;&nbsp;&nbsp; La Famille de Jules Laloire-Steinbach.<\/p>\n\n\n\n<p>Ph. F. KRINGS&nbsp;&nbsp;&nbsp;&nbsp;&nbsp;&nbsp;&nbsp;&nbsp;&nbsp;&nbsp;&nbsp;&nbsp;&nbsp;&nbsp;&nbsp;&nbsp;&nbsp;&nbsp;&nbsp;&nbsp;&nbsp; Un malm\u00e9dien pilote d\u2019Augusta.<\/p>\n\n\n\n<p>B. LAMBOTTE et B. NEURAY&nbsp;&nbsp;&nbsp;&nbsp; \u00c9tude arch\u00e9ologique des ailes Nord et Est, et de la cour du clo\u00eetre de &nbsp;l\u2019ancienne abbaye de Malmedy.<\/p>\n\n\n\n<p>B. LAMBOTTE&nbsp;&nbsp;&nbsp;&nbsp;&nbsp;&nbsp;&nbsp;&nbsp;&nbsp;&nbsp;&nbsp;&nbsp;&nbsp;&nbsp;&nbsp;&nbsp;&nbsp;&nbsp;&nbsp;&nbsp;&nbsp;&nbsp; Fouilles Arch\u00e9ologiques 2001-2003.<\/p>\n\n\n\n<p>B. NEURAY&nbsp;&nbsp;&nbsp;&nbsp;&nbsp;&nbsp;&nbsp;&nbsp;&nbsp;&nbsp;&nbsp;&nbsp;&nbsp;&nbsp;&nbsp;&nbsp;&nbsp;&nbsp;&nbsp;&nbsp;&nbsp;&nbsp;&nbsp;&nbsp;&nbsp;&nbsp; \u00c9tude arch\u00e9ologique du b\u00e2ti.<\/p>\n\n\n\n<p>G. LEJOLY&nbsp;&nbsp;&nbsp;&nbsp;&nbsp;&nbsp;&nbsp;&nbsp;&nbsp;&nbsp;&nbsp;&nbsp;&nbsp;&nbsp;&nbsp;&nbsp;&nbsp;&nbsp;&nbsp;&nbsp;&nbsp;&nbsp;&nbsp;&nbsp;&nbsp;&nbsp;&nbsp; D\u00e9couverte d\u2019un tr\u00e9sor de monnaies \u00e0 Faymonville.<\/p>\n\n\n\n<p>G. LEJOLY&nbsp;&nbsp;&nbsp;&nbsp;&nbsp;&nbsp;&nbsp;&nbsp;&nbsp;&nbsp;&nbsp;&nbsp;&nbsp;&nbsp;&nbsp;&nbsp;&nbsp;&nbsp;&nbsp;&nbsp;&nbsp;&nbsp;&nbsp;&nbsp;&nbsp;&nbsp;&nbsp; \u00ab Amon d\u2019Dj\u00e8ra\u00bb \u00e0 Faymonville.<\/p>\n\n\n\n<p>P. MOXHET&nbsp;&nbsp;&nbsp;&nbsp;&nbsp;&nbsp;&nbsp;&nbsp;&nbsp;&nbsp;&nbsp;&nbsp;&nbsp;&nbsp;&nbsp;&nbsp;&nbsp;&nbsp;&nbsp;&nbsp;&nbsp;&nbsp;&nbsp;&nbsp;&nbsp; Le Palais du Gouvernement, de la Landratur au Centre des Finances<\/p>\n\n\n\n<p>R. RASKIN et R. JACOB&nbsp;&nbsp;&nbsp;&nbsp;&nbsp;&nbsp;&nbsp; Les d\u00e9bits de boissons \u00e0 Malmedy.<\/p>\n\n\n\n<p>F. THEATRE&nbsp;&nbsp;&nbsp;&nbsp;&nbsp;&nbsp;&nbsp;&nbsp;&nbsp;&nbsp;&nbsp;&nbsp;&nbsp;&nbsp;&nbsp;&nbsp;&nbsp;&nbsp;&nbsp;&nbsp;&nbsp;&nbsp;&nbsp;&nbsp; Le Malm\u00e9dien \u00c9douard Laloire, Archiviste G\u00e9n\u00e9ral du Royaume.<\/p>\n\n\n\n<p>N. THUNUS&nbsp;&nbsp;&nbsp;&nbsp;&nbsp;&nbsp;&nbsp;&nbsp;&nbsp;&nbsp;&nbsp;&nbsp;&nbsp;&nbsp;&nbsp;&nbsp;&nbsp;&nbsp;&nbsp;&nbsp;&nbsp;&nbsp;&nbsp;&nbsp;&nbsp;&nbsp; La restauration manqu\u00e9e du Boult\u00ea en 1830.<\/p>\n\n\n\n<p>N. THUNUS&nbsp;&nbsp;&nbsp;&nbsp;&nbsp;&nbsp;&nbsp;&nbsp;&nbsp;&nbsp;&nbsp;&nbsp;&nbsp;&nbsp;&nbsp;&nbsp;&nbsp;&nbsp;&nbsp;&nbsp;&nbsp;&nbsp;&nbsp;&nbsp;&nbsp;&nbsp; Le passage \u00e0 niveau de Bellevue.<\/p>\n\n\n\n<p><strong><u>TOME 61 &#8211; 2006-2008<\/u><\/strong><\/p>\n\n\n\n<p>Jules JACOB&nbsp;&nbsp;&nbsp;&nbsp;&nbsp;&nbsp;&nbsp;&nbsp;&nbsp;&nbsp;&nbsp;&nbsp;&nbsp;&nbsp;&nbsp;&nbsp;&nbsp;&nbsp;&nbsp;&nbsp;&nbsp;&nbsp;&nbsp;&nbsp; Les pilotes de chasse malm\u00e9diens.<\/p>\n\n\n\n<p>R. JACOB&nbsp;&nbsp;&nbsp;&nbsp;&nbsp;&nbsp;&nbsp;&nbsp;&nbsp;&nbsp;&nbsp;&nbsp;&nbsp;&nbsp;&nbsp;&nbsp;&nbsp;&nbsp;&nbsp;&nbsp;&nbsp;&nbsp;&nbsp;&nbsp;&nbsp;&nbsp;&nbsp;&nbsp; J\u00e9r\u00f4me Remacle, nouveau pilote de chasse malm\u00e9dien.<\/p>\n\n\n\n<p>Jules JACOB&nbsp;&nbsp;&nbsp;&nbsp;&nbsp;&nbsp;&nbsp;&nbsp;&nbsp;&nbsp;&nbsp;&nbsp;&nbsp;&nbsp;&nbsp;&nbsp;&nbsp;&nbsp;&nbsp;&nbsp;&nbsp;&nbsp;&nbsp;&nbsp; Malm\u00e9dy, vu du ciel dans l\u2019oeil de Vinten 1991-1993.<\/p>\n\n\n\n<p>R. JACOB&nbsp;&nbsp;&nbsp;&nbsp;&nbsp;&nbsp;&nbsp;&nbsp;&nbsp;&nbsp;&nbsp;&nbsp;&nbsp;&nbsp;&nbsp;&nbsp;&nbsp;&nbsp;&nbsp;&nbsp;&nbsp;&nbsp;&nbsp;&nbsp;&nbsp;&nbsp;&nbsp;&nbsp; Comment arborer le drapeau malm\u00e9dien.<\/p>\n\n\n\n<p>Henri THIMISTER&nbsp;&nbsp;&nbsp;&nbsp;&nbsp;&nbsp;&nbsp;&nbsp;&nbsp;&nbsp;&nbsp;&nbsp;&nbsp;&nbsp;&nbsp;&nbsp;&nbsp; Un vitrail qui pose probl\u00e8me.<\/p>\n\n\n\n<p>R. JACOB&nbsp;&nbsp;&nbsp;&nbsp;&nbsp;&nbsp;&nbsp;&nbsp;&nbsp;&nbsp;&nbsp;&nbsp;&nbsp;&nbsp;&nbsp;&nbsp;&nbsp;&nbsp;&nbsp;&nbsp;&nbsp;&nbsp;&nbsp;&nbsp;&nbsp;&nbsp;&nbsp;&nbsp; Deux des quatre inconnus de la Maison Villers identifi\u00e9s.<\/p>\n\n\n\n<p>Henri THIMISTER&nbsp;&nbsp;&nbsp;&nbsp;&nbsp;&nbsp;&nbsp;&nbsp;&nbsp;&nbsp;&nbsp;&nbsp;&nbsp;&nbsp;&nbsp;&nbsp;&nbsp; Une cloche de Waimes &#8230; \u00e0 Trois-Ponts.<\/p>\n\n\n\n<p>R. JACOB&nbsp;&nbsp;&nbsp;&nbsp;&nbsp;&nbsp;&nbsp;&nbsp;&nbsp;&nbsp;&nbsp;&nbsp;&nbsp;&nbsp;&nbsp;&nbsp;&nbsp;&nbsp;&nbsp;&nbsp;&nbsp;&nbsp;&nbsp;&nbsp;&nbsp;&nbsp;&nbsp;&nbsp; Une Malm\u00e9dienne parmi les 40 Immortelles.<\/p>\n\n\n\n<p>Henri THIMISTER&nbsp;&nbsp;&nbsp;&nbsp;&nbsp;&nbsp;&nbsp;&nbsp;&nbsp;&nbsp;&nbsp;&nbsp;&nbsp;&nbsp;&nbsp;&nbsp;&nbsp; Un lustre imp\u00e9rial vol\u00e9 et des ornements sauvegard\u00e9s.<\/p>\n\n\n\n<p>Norbert THUNUS&nbsp;&nbsp;&nbsp;&nbsp;&nbsp;&nbsp;&nbsp;&nbsp;&nbsp;&nbsp;&nbsp;&nbsp;&nbsp;&nbsp;&nbsp;&nbsp;&nbsp;&nbsp; La famille MICHA : huit g\u00e9n\u00e9rations de musiciens.<\/p>\n\n\n\n<p>R. JACOB&nbsp;&nbsp;&nbsp;&nbsp;&nbsp;&nbsp;&nbsp;&nbsp;&nbsp;&nbsp;&nbsp;&nbsp;&nbsp;&nbsp;&nbsp;&nbsp;&nbsp;&nbsp;&nbsp;&nbsp;&nbsp;&nbsp;&nbsp;&nbsp;&nbsp;&nbsp;&nbsp;&nbsp; Une horloge du Malm\u00e9dien Grondal &#8230; en Suisse !<\/p>\n\n\n\n<p>Guy LEJOLY&nbsp;&nbsp;&nbsp;&nbsp;&nbsp;&nbsp;&nbsp;&nbsp;&nbsp;&nbsp;&nbsp;&nbsp;&nbsp;&nbsp;&nbsp;&nbsp;&nbsp;&nbsp;&nbsp;&nbsp;&nbsp;&nbsp;&nbsp;&nbsp; Les HUBY, chapeliers \u00e0 Waimes et \u00e0 Echternach.<\/p>\n\n\n\n<p>R. JACOB&nbsp;&nbsp;&nbsp;&nbsp;&nbsp;&nbsp;&nbsp;&nbsp;&nbsp;&nbsp;&nbsp;&nbsp;&nbsp;&nbsp;&nbsp;&nbsp;&nbsp;&nbsp;&nbsp;&nbsp;&nbsp;&nbsp;&nbsp;&nbsp;&nbsp;&nbsp;&nbsp;&nbsp; 1799 &#8211; Le trajet de nos moines en exil vers l\u2019\u00eele d\u2019Ol\u00e9ron.<\/p>\n\n\n\n<p>R. JACOB&nbsp;&nbsp;&nbsp;&nbsp;&nbsp;&nbsp;&nbsp;&nbsp;&nbsp;&nbsp;&nbsp;&nbsp;&nbsp;&nbsp;&nbsp;&nbsp;&nbsp;&nbsp;&nbsp;&nbsp;&nbsp;&nbsp;&nbsp;&nbsp;&nbsp;&nbsp;&nbsp;&nbsp; Le buste de Sainte Balbine.<\/p>\n\n\n\n<p>R. JACOB&nbsp;&nbsp;&nbsp;&nbsp;&nbsp;&nbsp;&nbsp;&nbsp;&nbsp;&nbsp;&nbsp;&nbsp;&nbsp;&nbsp;&nbsp;&nbsp;&nbsp;&nbsp;&nbsp;&nbsp;&nbsp;&nbsp;&nbsp;&nbsp;&nbsp;&nbsp;&nbsp;&nbsp; Le chemin de croix du Calvaire.<\/p>\n\n\n\n<p>R. JACOB&nbsp;&nbsp;&nbsp;&nbsp;&nbsp;&nbsp;&nbsp;&nbsp;&nbsp;&nbsp;&nbsp;&nbsp;&nbsp;&nbsp;&nbsp;&nbsp;&nbsp;&nbsp;&nbsp;&nbsp;&nbsp;&nbsp;&nbsp;&nbsp;&nbsp;&nbsp;&nbsp;&nbsp; Martin LEGROS fondeur de cloches &#8211; 1714-1789.<\/p>\n\n\n\n<p>R. JACOB&nbsp;&nbsp;&nbsp;&nbsp;&nbsp;&nbsp;&nbsp;&nbsp;&nbsp;&nbsp;&nbsp;&nbsp;&nbsp;&nbsp;&nbsp;&nbsp;&nbsp;&nbsp;&nbsp;&nbsp;&nbsp;&nbsp;&nbsp;&nbsp;&nbsp;&nbsp;&nbsp;&nbsp; Ascendance et descendance de Martin LEGROS.<\/p>\n\n\n\n<p>R. JACOB&nbsp;&nbsp;&nbsp;&nbsp;&nbsp;&nbsp;&nbsp;&nbsp;&nbsp;&nbsp;&nbsp;&nbsp;&nbsp;&nbsp;&nbsp;&nbsp;&nbsp;&nbsp;&nbsp;&nbsp;&nbsp;&nbsp;&nbsp;&nbsp;&nbsp;&nbsp;&nbsp;&nbsp; D\u2019autres descendants de Martin LEGROS ?<\/p>\n\n\n\n<p>R. JACOB&nbsp;&nbsp;&nbsp;&nbsp;&nbsp;&nbsp;&nbsp;&nbsp;&nbsp;&nbsp;&nbsp;&nbsp;&nbsp;&nbsp;&nbsp;&nbsp;&nbsp;&nbsp;&nbsp;&nbsp;&nbsp;&nbsp;&nbsp;&nbsp;&nbsp;&nbsp;&nbsp;&nbsp; La machinerie du carillon.<\/p>\n\n\n\n<p>R. JACOB&nbsp;&nbsp;&nbsp;&nbsp;&nbsp;&nbsp;&nbsp;&nbsp;&nbsp;&nbsp;&nbsp;&nbsp;&nbsp;&nbsp;&nbsp;&nbsp;&nbsp;&nbsp;&nbsp;&nbsp;&nbsp;&nbsp;&nbsp;&nbsp;&nbsp;&nbsp;&nbsp;&nbsp; Un portait en couleurs d\u2019Augustin Fran\u00e7ois VILLERS.<\/p>\n\n\n\n<p>R. JACOB&nbsp;&nbsp;&nbsp;&nbsp;&nbsp;&nbsp;&nbsp;&nbsp;&nbsp;&nbsp;&nbsp;&nbsp;&nbsp;&nbsp;&nbsp;&nbsp;&nbsp;&nbsp;&nbsp;&nbsp;&nbsp;&nbsp;&nbsp;&nbsp;&nbsp;&nbsp;&nbsp;&nbsp; Deux portraits \u00abmalm\u00e9diens\u00bb retrouv\u00e9s \u00e0 Mayen.<\/p>\n\n\n\n<p><strong><u>TOME 62 &#8211; 2009 -2010.<\/u><\/strong><\/p>\n\n\n\n<p>Collectif : &nbsp;&nbsp;&nbsp;&nbsp;&nbsp;&nbsp;&nbsp;&nbsp;&nbsp;&nbsp;&nbsp;&nbsp;&nbsp;&nbsp;&nbsp;&nbsp;&nbsp;&nbsp;&nbsp;&nbsp;&nbsp;&nbsp;&nbsp;&nbsp;&nbsp;&nbsp;&nbsp;&nbsp;&nbsp; La construction du barrage de Robertville.<\/p>\n\n\n\n<p>N.THUNUS&nbsp;&nbsp;&nbsp;&nbsp;&nbsp;&nbsp;&nbsp;&nbsp;&nbsp;&nbsp;&nbsp;&nbsp;&nbsp;&nbsp;&nbsp;&nbsp;&nbsp;&nbsp;&nbsp;&nbsp;&nbsp;&nbsp;&nbsp;&nbsp;&nbsp;&nbsp;&nbsp; Sous les eaux du lac de Robertville.<\/p>\n\n\n\n<p>G.LEJOLY&nbsp;&nbsp;&nbsp;&nbsp;&nbsp;&nbsp;&nbsp;&nbsp;&nbsp;&nbsp;&nbsp;&nbsp;&nbsp;&nbsp;&nbsp;&nbsp;&nbsp;&nbsp;&nbsp;&nbsp;&nbsp;&nbsp;&nbsp;&nbsp;&nbsp;&nbsp;&nbsp;&nbsp; Le barrage de Robertville.<\/p>\n\n\n\n<p>G.LEJOLY&nbsp;&nbsp;&nbsp;&nbsp;&nbsp;&nbsp;&nbsp;&nbsp;&nbsp;&nbsp;&nbsp;&nbsp;&nbsp;&nbsp;&nbsp;&nbsp;&nbsp;&nbsp;&nbsp;&nbsp;&nbsp;&nbsp;&nbsp;&nbsp;&nbsp;&nbsp;&nbsp;&nbsp; Etranges appellations au pays de Waimes.<\/p>\n\n\n\n<p>N.THUNUS&nbsp;&nbsp;&nbsp;&nbsp;&nbsp;&nbsp;&nbsp;&nbsp;&nbsp;&nbsp;&nbsp;&nbsp;&nbsp;&nbsp;&nbsp;&nbsp;&nbsp;&nbsp;&nbsp;&nbsp;&nbsp;&nbsp;&nbsp;&nbsp;&nbsp;&nbsp;&nbsp; Enqu\u00eate autour d&rsquo;un triptyque.<\/p>\n\n\n\n<p>N.THUNUS&nbsp;&nbsp;&nbsp;&nbsp;&nbsp;&nbsp;&nbsp;&nbsp;&nbsp;&nbsp;&nbsp;&nbsp;&nbsp;&nbsp;&nbsp;&nbsp;&nbsp;&nbsp;&nbsp;&nbsp;&nbsp;&nbsp;&nbsp;&nbsp;&nbsp;&nbsp;&nbsp; Les premi\u00e8res vaccinations dans notre arrondissement.<\/p>\n\n\n\n<p>N.THUNUS&nbsp;&nbsp;&nbsp;&nbsp;&nbsp;&nbsp;&nbsp;&nbsp;&nbsp;&nbsp;&nbsp;&nbsp;&nbsp;&nbsp;&nbsp;&nbsp;&nbsp;&nbsp;&nbsp;&nbsp;&nbsp;&nbsp;&nbsp;&nbsp;&nbsp;&nbsp;&nbsp; Messagers-pi\u00e9tons malm\u00e9diens sous le R\u00e9gime fran\u00e7ais.<\/p>\n\n\n\n<p>F.THEATRE&nbsp;&nbsp;&nbsp;&nbsp;&nbsp;&nbsp;&nbsp;&nbsp;&nbsp;&nbsp;&nbsp;&nbsp;&nbsp;&nbsp;&nbsp;&nbsp;&nbsp;&nbsp;&nbsp;&nbsp;&nbsp;&nbsp;&nbsp;&nbsp;&nbsp; La fa\u00e7ade ext\u00e9rieure nord de l&rsquo;\u00e9glise des Capucins<\/p>\n\n\n\n<p>R.JACOB&nbsp;&nbsp;&nbsp;&nbsp;&nbsp;&nbsp;&nbsp;&nbsp;&nbsp;&nbsp;&nbsp;&nbsp;&nbsp;&nbsp;&nbsp;&nbsp;&nbsp;&nbsp;&nbsp;&nbsp;&nbsp;&nbsp;&nbsp;&nbsp;&nbsp;&nbsp;&nbsp;&nbsp;&nbsp; Chapeaux de paille et chapeaux Dargent \u00e0 Malmedy.<\/p>\n\n\n\n<p>L.PIRONET&nbsp;&nbsp;&nbsp;&nbsp;&nbsp;&nbsp;&nbsp;&nbsp;&nbsp;&nbsp;&nbsp;&nbsp;&nbsp;&nbsp;&nbsp;&nbsp;&nbsp;&nbsp;&nbsp;&nbsp;&nbsp;&nbsp;&nbsp;&nbsp;&nbsp;&nbsp; Une bo\u00eete de Spa \u00ab\u00a0malm\u00e9dienne\u00a0\u00bb.<\/p>\n\n\n\n<p>R.JACOB&nbsp;&nbsp;&nbsp;&nbsp;&nbsp;&nbsp;&nbsp;&nbsp;&nbsp;&nbsp;&nbsp;&nbsp;&nbsp;&nbsp;&nbsp;&nbsp;&nbsp;&nbsp;&nbsp;&nbsp;&nbsp;&nbsp;&nbsp;&nbsp;&nbsp;&nbsp;&nbsp;&nbsp;&nbsp; Le service postal \u00e0 Malmedy au cours des si\u00e8cles.<\/p>\n\n\n\n<p>R.JACOB&nbsp;&nbsp;&nbsp;&nbsp;&nbsp;&nbsp;&nbsp;&nbsp;&nbsp;&nbsp;&nbsp;&nbsp;&nbsp;&nbsp;&nbsp;&nbsp;&nbsp;&nbsp;&nbsp;&nbsp;&nbsp;&nbsp;&nbsp;&nbsp;&nbsp;&nbsp;&nbsp;&nbsp;&nbsp; Rem\u00e8des et croyances d&rsquo;autrefois.<\/p>\n\n\n\n<p>R.JACOB&nbsp;&nbsp;&nbsp;&nbsp;&nbsp;&nbsp;&nbsp;&nbsp;&nbsp;&nbsp;&nbsp;&nbsp;&nbsp;&nbsp;&nbsp;&nbsp;&nbsp;&nbsp;&nbsp;&nbsp;&nbsp;&nbsp;&nbsp;&nbsp;&nbsp;&nbsp;&nbsp;&nbsp;&nbsp; La fontaine de Malmedy \u00e0 Francorchamps.<\/p>\n\n\n\n<p>R.JACOB&nbsp;&nbsp;&nbsp;&nbsp;&nbsp;&nbsp;&nbsp;&nbsp;&nbsp;&nbsp;&nbsp;&nbsp;&nbsp;&nbsp;&nbsp;&nbsp;&nbsp;&nbsp;&nbsp;&nbsp;&nbsp;&nbsp;&nbsp;&nbsp;&nbsp;&nbsp;&nbsp;&nbsp;&nbsp; Le triple triptyque de Wibald.<\/p>\n\n\n\n<p>R.JACOB&nbsp;&nbsp;&nbsp;&nbsp;&nbsp;&nbsp;&nbsp;&nbsp;&nbsp;&nbsp;&nbsp;&nbsp;&nbsp;&nbsp;&nbsp;&nbsp;&nbsp;&nbsp;&nbsp;&nbsp;&nbsp;&nbsp;&nbsp;&nbsp;&nbsp;&nbsp;&nbsp;&nbsp;&nbsp; La chapelle du Calvaire.<\/p>\n\n\n\n<p>R.JACOB&nbsp;&nbsp;&nbsp;&nbsp;&nbsp;&nbsp;&nbsp;&nbsp;&nbsp;&nbsp;&nbsp;&nbsp;&nbsp;&nbsp;&nbsp;&nbsp;&nbsp;&nbsp;&nbsp;&nbsp;&nbsp;&nbsp;&nbsp;&nbsp;&nbsp;&nbsp;&nbsp;&nbsp;&nbsp; Les \u00ab\u00a0Obiit\u00a0\u00bb de la Maison Villers.<\/p>\n\n\n\n<p>R.JACOB&nbsp;&nbsp;&nbsp;&nbsp;&nbsp;&nbsp;&nbsp;&nbsp;&nbsp;&nbsp;&nbsp;&nbsp;&nbsp;&nbsp;&nbsp;&nbsp;&nbsp;&nbsp;&nbsp;&nbsp;&nbsp;&nbsp;&nbsp;&nbsp;&nbsp;&nbsp;&nbsp;&nbsp;&nbsp; Quand la Warche se colorait .<\/p>\n\n\n\n<p>R.JACOB&nbsp;&nbsp;&nbsp;&nbsp;&nbsp;&nbsp;&nbsp;&nbsp;&nbsp;&nbsp;&nbsp;&nbsp;&nbsp;&nbsp;&nbsp;&nbsp;&nbsp;&nbsp;&nbsp;&nbsp;&nbsp;&nbsp;&nbsp;&nbsp;&nbsp;&nbsp;&nbsp;&nbsp;&nbsp; La halte postale de Ligneuville.<\/p>\n\n\n\n<p><strong><u>TOME 63 &#8211; 2011- 2016;<\/u><\/strong><\/p>\n\n\n\n<p>R.JACOB&nbsp;&nbsp;&nbsp;&nbsp;&nbsp;&nbsp;&nbsp;&nbsp;&nbsp;&nbsp;&nbsp;&nbsp;&nbsp;&nbsp;&nbsp;&nbsp;&nbsp;&nbsp;&nbsp;&nbsp;&nbsp;&nbsp;&nbsp;&nbsp;&nbsp;&nbsp;&nbsp;&nbsp;&nbsp; Jean-Baptiste Jacob, cr\u00e9ateur de \u00ab\u00a0la Malm\u00e9dienne\u00a0\u00bb.<\/p>\n\n\n\n<p>R.JACOB&nbsp;&nbsp;&nbsp;&nbsp;&nbsp;&nbsp;&nbsp;&nbsp;&nbsp;&nbsp;&nbsp;&nbsp;&nbsp;&nbsp;&nbsp;&nbsp;&nbsp;&nbsp;&nbsp;&nbsp;&nbsp;&nbsp;&nbsp;&nbsp;&nbsp;&nbsp;&nbsp;&nbsp;&nbsp; Des d\u00e9couvertes \u00e0 propos de l&rsquo;ermitage de B\u00e9verc\u00e9.<\/p>\n\n\n\n<p>R.JACOB&nbsp;&nbsp;&nbsp;&nbsp;&nbsp;&nbsp;&nbsp;&nbsp;&nbsp;&nbsp;&nbsp;&nbsp;&nbsp;&nbsp;&nbsp;&nbsp;&nbsp;&nbsp;&nbsp;&nbsp;&nbsp;&nbsp;&nbsp;&nbsp;&nbsp;&nbsp;&nbsp;&nbsp;&nbsp; Notre ancienne Ferme Libert.<\/p>\n\n\n\n<p>R.JACOB&nbsp;&nbsp;&nbsp;&nbsp;&nbsp;&nbsp;&nbsp;&nbsp;&nbsp;&nbsp;&nbsp;&nbsp;&nbsp;&nbsp;&nbsp;&nbsp;&nbsp;&nbsp;&nbsp;&nbsp;&nbsp;&nbsp;&nbsp;&nbsp;&nbsp;&nbsp;&nbsp;&nbsp;&nbsp; Xavier Remacle, notre neuvi\u00e8me pilote de chasse malm\u00e9dien.<\/p>\n\n\n\n<p>J.M.DEHALLEUX&nbsp;&nbsp;&nbsp;&nbsp;&nbsp;&nbsp;&nbsp;&nbsp;&nbsp;&nbsp;&nbsp;&nbsp;&nbsp;&nbsp;&nbsp;&nbsp;&nbsp;&nbsp; Les h\u00f4tes de la Landratur.<\/p>\n\n\n\n<p>G.LEJOLY&nbsp;&nbsp;&nbsp;&nbsp;&nbsp;&nbsp;&nbsp;&nbsp;&nbsp;&nbsp;&nbsp;&nbsp;&nbsp;&nbsp;&nbsp;&nbsp;&nbsp;&nbsp;&nbsp;&nbsp;&nbsp;&nbsp;&nbsp;&nbsp;&nbsp;&nbsp;&nbsp;&nbsp; Quand et comment sommes-nous devenus Belges ?<\/p>\n\n\n\n<p>G.LEJOLY et R.JACOB&nbsp;&nbsp;&nbsp;&nbsp;&nbsp;&nbsp;&nbsp;&nbsp;&nbsp; Une taque et trois m\u00e9dailles qui en disent long.<\/p>\n\n\n\n<p>R.JACOB&nbsp;&nbsp;&nbsp;&nbsp;&nbsp;&nbsp;&nbsp;&nbsp;&nbsp;&nbsp;&nbsp;&nbsp;&nbsp;&nbsp;&nbsp;&nbsp;&nbsp;&nbsp;&nbsp;&nbsp;&nbsp;&nbsp;&nbsp;&nbsp;&nbsp;&nbsp;&nbsp;&nbsp;&nbsp; Les vitraux peints de la Chapelle des Malades.<\/p>\n\n\n\n<p>R.JACOB&nbsp;&nbsp;&nbsp;&nbsp;&nbsp;&nbsp;&nbsp;&nbsp;&nbsp;&nbsp;&nbsp;&nbsp;&nbsp;&nbsp;&nbsp;&nbsp;&nbsp;&nbsp;&nbsp;&nbsp;&nbsp;&nbsp;&nbsp;&nbsp;&nbsp;&nbsp;&nbsp;&nbsp;&nbsp; Un horloger \u00e0 Waimes en 1805.<\/p>\n\n\n\n<p>R.JACOB&nbsp;&nbsp;&nbsp;&nbsp;&nbsp;&nbsp;&nbsp;&nbsp;&nbsp;&nbsp;&nbsp;&nbsp;&nbsp;&nbsp;&nbsp;&nbsp;&nbsp;&nbsp;&nbsp;&nbsp;&nbsp;&nbsp;&nbsp;&nbsp;&nbsp;&nbsp;&nbsp;&nbsp;&nbsp; A Malmedy du 11 septembre au 13 d\u00e9cembre 1944.<\/p>\n\n\n\n<p>R.JACOB&nbsp;&nbsp;&nbsp;&nbsp;&nbsp;&nbsp;&nbsp;&nbsp;&nbsp;&nbsp;&nbsp;&nbsp;&nbsp;&nbsp;&nbsp;&nbsp;&nbsp;&nbsp;&nbsp;&nbsp;&nbsp;&nbsp;&nbsp;&nbsp;&nbsp;&nbsp;&nbsp;&nbsp;&nbsp; Du 12.12.1944 au 31.1.1945 \u00e0 Malmedy : 49 jours d&rsquo;angoisse.<\/p>\n\n\n\n<p>R.JACOB&nbsp;&nbsp;&nbsp;&nbsp;&nbsp;&nbsp;&nbsp;&nbsp;&nbsp;&nbsp;&nbsp;&nbsp;&nbsp;&nbsp;&nbsp;&nbsp;&nbsp;&nbsp;&nbsp;&nbsp;&nbsp;&nbsp;&nbsp;&nbsp;&nbsp;&nbsp;&nbsp;&nbsp;&nbsp; Le grand abri de 1944.<\/p>\n\n\n\n<p>R.JACOB&nbsp;&nbsp;&nbsp;&nbsp;&nbsp;&nbsp;&nbsp;&nbsp;&nbsp;&nbsp;&nbsp;&nbsp;&nbsp;&nbsp;&nbsp;&nbsp;&nbsp;&nbsp;&nbsp;&nbsp;&nbsp;&nbsp;&nbsp;&nbsp;&nbsp;&nbsp;&nbsp;&nbsp;&nbsp; De Banaduz&#8230;\u00e0 Malmedy, le parchemin Scius de 1693.<\/p>\n\n\n\n<p>R.JACOB&nbsp;&nbsp;&nbsp;&nbsp;&nbsp;&nbsp;&nbsp;&nbsp;&nbsp;&nbsp;&nbsp;&nbsp;&nbsp;&nbsp;&nbsp;&nbsp;&nbsp;&nbsp;&nbsp;&nbsp;&nbsp;&nbsp;&nbsp;&nbsp;&nbsp;&nbsp;&nbsp;&nbsp;&nbsp; Un ma\u00eetre d&rsquo;escrime malm\u00e9dien en 1847.<\/p>\n\n\n\n<p>R.JACOB&nbsp;&nbsp;&nbsp;&nbsp;&nbsp;&nbsp;&nbsp;&nbsp;&nbsp;&nbsp;&nbsp;&nbsp;&nbsp;&nbsp;&nbsp;&nbsp;&nbsp;&nbsp;&nbsp;&nbsp;&nbsp;&nbsp;&nbsp;&nbsp;&nbsp;&nbsp;&nbsp;&nbsp;&nbsp; Des Froidmanteau \u00e0 Malmedy.<\/p>\n\n\n\n<p>R.JACOB&nbsp;&nbsp;&nbsp;&nbsp;&nbsp;&nbsp;&nbsp;&nbsp;&nbsp;&nbsp;&nbsp;&nbsp;&nbsp;&nbsp;&nbsp;&nbsp;&nbsp;&nbsp;&nbsp;&nbsp;&nbsp;&nbsp;&nbsp;&nbsp;&nbsp;&nbsp;&nbsp;&nbsp;&nbsp; Jean Nicolas Fran\u00e7ois Ponsart, artiste peintre.<\/p>\n\n\n\n<p>W.HEYEN&nbsp;&nbsp;&nbsp;&nbsp;&nbsp;&nbsp;&nbsp;&nbsp;&nbsp;&nbsp;&nbsp;&nbsp;&nbsp;&nbsp;&nbsp;&nbsp;&nbsp;&nbsp;&nbsp;&nbsp;&nbsp;&nbsp;&nbsp;&nbsp;&nbsp;&nbsp;&nbsp;&nbsp; Attaqu\u00e9 \u00e0 la bombarde !<\/p>\n\n\n\n<p>R.JACOB&nbsp;&nbsp;&nbsp;&nbsp;&nbsp;&nbsp;&nbsp;&nbsp;&nbsp;&nbsp;&nbsp;&nbsp;&nbsp;&nbsp;&nbsp;&nbsp;&nbsp;&nbsp;&nbsp;&nbsp;&nbsp;&nbsp;&nbsp;&nbsp;&nbsp;&nbsp;&nbsp;&nbsp;&nbsp; Reisdorff &#8211; Lefebvre, la seconde papeterie de Malmedy.<\/p>\n\n\n\n<p>R.JACOB&nbsp;&nbsp;&nbsp;&nbsp;&nbsp;&nbsp;&nbsp;&nbsp;&nbsp;&nbsp;&nbsp;&nbsp;&nbsp;&nbsp;&nbsp;&nbsp;&nbsp;&nbsp;&nbsp;&nbsp;&nbsp;&nbsp;&nbsp;&nbsp;&nbsp;&nbsp;&nbsp;&nbsp;&nbsp; Deux pierres myst\u00e9rieuses ?<\/p>\n\n\n\n<p>N.THUNUS&nbsp;&nbsp;&nbsp;&nbsp;&nbsp;&nbsp;&nbsp;&nbsp;&nbsp;&nbsp;&nbsp;&nbsp;&nbsp;&nbsp;&nbsp;&nbsp;&nbsp;&nbsp;&nbsp;&nbsp;&nbsp;&nbsp;&nbsp;&nbsp;&nbsp;&nbsp;&nbsp; Le triptyque retrouv\u00e9.<\/p>\n\n\n\n<p>N.THUNUS&nbsp;&nbsp;&nbsp;&nbsp;&nbsp;&nbsp;&nbsp;&nbsp;&nbsp;&nbsp;&nbsp;&nbsp;&nbsp;&nbsp;&nbsp;&nbsp;&nbsp;&nbsp;&nbsp;&nbsp;&nbsp;&nbsp;&nbsp;&nbsp;&nbsp;&nbsp;&nbsp; Un autre tableau de Rousseaux.<\/p>\n\n\n\n<p>R.JACOB&nbsp;&nbsp;&nbsp;&nbsp;&nbsp;&nbsp;&nbsp;&nbsp;&nbsp;&nbsp;&nbsp;&nbsp;&nbsp;&nbsp;&nbsp;&nbsp;&nbsp;&nbsp;&nbsp;&nbsp;&nbsp;&nbsp;&nbsp;&nbsp;&nbsp;&nbsp;&nbsp;&nbsp;&nbsp; Malm\u00e9diens sous les drapeaux.<\/p>\n\n\n\n<p>F.JUSTIN&nbsp;&nbsp;&nbsp;&nbsp;&nbsp;&nbsp;&nbsp;&nbsp;&nbsp;&nbsp;&nbsp;&nbsp;&nbsp;&nbsp;&nbsp;&nbsp;&nbsp;&nbsp;&nbsp;&nbsp;&nbsp;&nbsp;&nbsp;&nbsp;&nbsp;&nbsp;&nbsp;&nbsp;&nbsp; Mes m\u00e9moires de guerre . . .par la force des \u00e9v\u00e9nements.<\/p>\n\n\n\n<p><strong><u>Tome 64 &#8211; &nbsp;2017 &#8211; 2019.<\/u><\/strong><\/p>\n\n\n\n<p>L.HALLEUX&nbsp;&nbsp;&nbsp;&nbsp;&nbsp;&nbsp;&nbsp;&nbsp;&nbsp;&nbsp;&nbsp;&nbsp;&nbsp;&nbsp;&nbsp;&nbsp;&nbsp;&nbsp;&nbsp;&nbsp;&nbsp;&nbsp;&nbsp;&nbsp;&nbsp;&nbsp; In Memoriam : R.Raskin &#8211; J.Back &#8211; L.Marquet.<\/p>\n\n\n\n<p>Fr.HERBRAND&nbsp;&nbsp;&nbsp;&nbsp;&nbsp;&nbsp;&nbsp;&nbsp;&nbsp;&nbsp;&nbsp;&nbsp;&nbsp;&nbsp;&nbsp;&nbsp;&nbsp;&nbsp;&nbsp;&nbsp;&nbsp; La carri\u00e8re sportive d&rsquo;un gamin malm\u00e9dien.<\/p>\n\n\n\n<p>N.THUNUS&nbsp;&nbsp;&nbsp;&nbsp;&nbsp;&nbsp;&nbsp;&nbsp;&nbsp;&nbsp;&nbsp;&nbsp;&nbsp;&nbsp;&nbsp;&nbsp;&nbsp;&nbsp;&nbsp;&nbsp;&nbsp;&nbsp;&nbsp;&nbsp;&nbsp;&nbsp;&nbsp; L&rsquo;\u00e9ph\u00e9m\u00e8re monument aux morts des campagnes de 1866 et 1870 -71  \u00e0 Malmedy.<\/p>\n\n\n\n<p>N.THUNUS&nbsp;&nbsp;&nbsp;&nbsp;&nbsp;&nbsp;&nbsp;&nbsp;&nbsp;&nbsp;&nbsp;&nbsp;&nbsp;&nbsp;&nbsp;&nbsp;&nbsp;&nbsp;&nbsp;&nbsp;&nbsp;&nbsp;&nbsp;&nbsp;&nbsp;&nbsp;&nbsp; Un ancien presbyt\u00e8re transform\u00e9 en mus\u00e9e.<\/p>\n\n\n\n<p>Chr. de FOSSA&nbsp;&nbsp;&nbsp;&nbsp;&nbsp;&nbsp;&nbsp;&nbsp;&nbsp;&nbsp;&nbsp;&nbsp;&nbsp;&nbsp;&nbsp;&nbsp;&nbsp;&nbsp;&nbsp;&nbsp;&nbsp; La chronique Antoine Denis de Walk.<\/p>\n\n\n\n<p>J.SIQUET (+)&nbsp;&nbsp;&nbsp;&nbsp;&nbsp;&nbsp;&nbsp;&nbsp;&nbsp;&nbsp;&nbsp;&nbsp;&nbsp;&nbsp;&nbsp;&nbsp;&nbsp;&nbsp;&nbsp;&nbsp;&nbsp;&nbsp;&nbsp; L&rsquo;exode de mai 1940.<\/p>\n\n\n\n<p>G.LEJOLY&nbsp;&nbsp;&nbsp;&nbsp;&nbsp;&nbsp;&nbsp;&nbsp;&nbsp;&nbsp;&nbsp;&nbsp;&nbsp;&nbsp;&nbsp;&nbsp;&nbsp;&nbsp;&nbsp;&nbsp;&nbsp;&nbsp;&nbsp;&nbsp;&nbsp;&nbsp;&nbsp;&nbsp; Lorsqu&rsquo;on allait se faire confirmer en pays \u00e9tranger.<\/p>\n\n\n\n<p>R.BERARD&nbsp;&nbsp;&nbsp;&nbsp;&nbsp;&nbsp;&nbsp;&nbsp;&nbsp;&nbsp;&nbsp;&nbsp;&nbsp;&nbsp;&nbsp;&nbsp;&nbsp;&nbsp;&nbsp;&nbsp;&nbsp;&nbsp;&nbsp;&nbsp;&nbsp;&nbsp;&nbsp; Malmedy et la Marine belge . . . et allemande !<\/p>\n\n\n\n<p>R.BERARD&nbsp;&nbsp;&nbsp;&nbsp;&nbsp;&nbsp;&nbsp;&nbsp;&nbsp;&nbsp;&nbsp;&nbsp;&nbsp;&nbsp;&nbsp;&nbsp;&nbsp;&nbsp;&nbsp;&nbsp;&nbsp;&nbsp;&nbsp;&nbsp;&nbsp;&nbsp;&nbsp; Jean-Baptiste Anne Charlemagne de Taillevis de Perigny, sous-pr\u00e9fet \u00e0 Malmedy de 1804 \u00e0 1814;<\/p>\n\n\n\n<p>D.NO\u00cbL&nbsp;&nbsp;&nbsp;&nbsp;&nbsp;&nbsp;&nbsp;&nbsp;&nbsp;&nbsp;&nbsp;&nbsp;&nbsp;&nbsp;&nbsp;&nbsp;&nbsp;&nbsp;&nbsp;&nbsp;&nbsp;&nbsp;&nbsp;&nbsp;&nbsp;&nbsp;&nbsp;&nbsp;&nbsp;&nbsp;&nbsp;&nbsp; Malmedy au jour le jour &#8211; 2018.<\/p>\n\n\n\n<p>N.THUNUS&nbsp;&nbsp;&nbsp;&nbsp;&nbsp;&nbsp;&nbsp;&nbsp;&nbsp;&nbsp;&nbsp;&nbsp;&nbsp;&nbsp;&nbsp;&nbsp;&nbsp;&nbsp;&nbsp;&nbsp;&nbsp;&nbsp;&nbsp;&nbsp;&nbsp;&nbsp;&nbsp; Quand la garde bourgeoise de Malmedy faisait \u00ab\u00a0GUEMINE\u00a0\u00bb .<\/p>\n\n\n\n<p>N.THUNUS&nbsp;&nbsp;&nbsp;&nbsp;&nbsp;&nbsp;&nbsp;&nbsp;&nbsp;&nbsp;&nbsp;&nbsp;&nbsp;&nbsp;&nbsp;&nbsp;&nbsp;&nbsp;&nbsp;&nbsp;&nbsp;&nbsp;&nbsp;&nbsp;&nbsp;&nbsp;&nbsp; La faillite d&rsquo;un ma\u00eetre de poste \u00e0 Malmedy.<\/p>\n\n\n\n<p>N.SCHMITZ&nbsp;&nbsp;&nbsp;&nbsp;&nbsp;&nbsp;&nbsp;&nbsp;&nbsp;&nbsp;&nbsp;&nbsp;&nbsp;&nbsp;&nbsp;&nbsp;&nbsp;&nbsp;&nbsp;&nbsp;&nbsp;&nbsp;&nbsp;&nbsp;&nbsp;&nbsp; Peter Joseph Knichel, cur\u00e9 de la paroisse de Pont-Ligneuville.<\/p>\n\n\n\n<p>R.BERARD&nbsp;&nbsp;&nbsp;&nbsp;&nbsp;&nbsp;&nbsp;&nbsp;&nbsp;&nbsp;&nbsp;&nbsp;&nbsp;&nbsp;&nbsp;&nbsp;&nbsp;&nbsp;&nbsp;&nbsp;&nbsp;&nbsp;&nbsp;&nbsp;&nbsp;&nbsp;&nbsp; Addenda et corrigenda au livre \u00ab\u00a0La grande guerre\u00a0\u00bb.<\/p>\n\n\n\n<p>L.HALLEUX&nbsp;&nbsp;&nbsp;&nbsp;&nbsp;&nbsp;&nbsp;&nbsp;&nbsp;&nbsp;&nbsp;&nbsp;&nbsp;&nbsp;&nbsp;&nbsp;&nbsp;&nbsp;&nbsp;&nbsp;&nbsp;&nbsp;&nbsp;&nbsp;&nbsp;&nbsp; A propos de la Maison Beckmann, un joyau disparu de Malmedy.<\/p>\n\n\n\n<p>G.LEJOLY&nbsp;&nbsp;&nbsp;&nbsp;&nbsp;&nbsp;&nbsp;&nbsp;&nbsp;&nbsp;&nbsp;&nbsp;&nbsp;&nbsp;&nbsp;&nbsp;&nbsp;&nbsp;&nbsp;&nbsp;&nbsp;&nbsp;&nbsp;&nbsp;&nbsp;&nbsp;&nbsp;&nbsp; Joseph Marichal (1880-1915) et son fils Wilhelm Marichal ( 1913-1997),  deux personnalit\u00e9s wallonnes peu communes.<\/p>\n\n\n\n<p>G.LEJOLY&nbsp;&nbsp;&nbsp;&nbsp;&nbsp;&nbsp;&nbsp;&nbsp;&nbsp;&nbsp;&nbsp;&nbsp;&nbsp;&nbsp;&nbsp;&nbsp;&nbsp;&nbsp;&nbsp;&nbsp;&nbsp;&nbsp;&nbsp;&nbsp;&nbsp;&nbsp;&nbsp;&nbsp; Une rumeur d\u00e9mystifi\u00e9e \u00e0 Malmedy !<\/p>\n\n\n\n<p>J.FAGNOUL (+)&nbsp;&nbsp;&nbsp;&nbsp;&nbsp;&nbsp;&nbsp;&nbsp;&nbsp;&nbsp;&nbsp;&nbsp;&nbsp;&nbsp;&nbsp;&nbsp;&nbsp;&nbsp;&nbsp;&nbsp; Mes m\u00e9moires.<\/p>\n\n\n\n<p>G.LEJOLY&nbsp;&nbsp;&nbsp;&nbsp;&nbsp;&nbsp;&nbsp;&nbsp;&nbsp;&nbsp;&nbsp;&nbsp;&nbsp;&nbsp;&nbsp;&nbsp;&nbsp;&nbsp;&nbsp;&nbsp;&nbsp;&nbsp;&nbsp;&nbsp;&nbsp;&nbsp;&nbsp;&nbsp; Lorsque la caserne de Malmedy servait de centre pour r\u00e9fugi\u00e9s.<\/p>\n\n\n\n<p>MALMEDY-FOLKLORE&nbsp; recherche . . .<\/p>\n\n\n\n<p><strong><u>Tome 65 \u2013 &nbsp;2020 \u2013 2022.<\/u><\/strong><\/p>\n\n\n\n<p>L.HALLEUX&nbsp;&nbsp;&nbsp;&nbsp;&nbsp;&nbsp;&nbsp;&nbsp;&nbsp;&nbsp;&nbsp;&nbsp;&nbsp;&nbsp;&nbsp;&nbsp;&nbsp;&nbsp;&nbsp;&nbsp;&nbsp;&nbsp;&nbsp;&nbsp;&nbsp;&nbsp;Le mot du pr\u00e9sident<\/p>\n\n\n\n<p>Le comit\u00e9                             Nos pr\u00e9sidents et pr\u00e9sidents d&rsquo;honneur<\/p>\n\n\n\n<p>L.HALLEUX                           In M\u00e9moriam Raymond Jacob, Louis Dislaire<\/p>\n\n\n\n<p>Guy LEJOLY:  In M\u00e9moriam Norbert Thunus<\/p>\n\n\n\n<p>Guy LEJOLY                           L&rsquo;abb\u00e9 Charles Dubois<\/p>\n\n\n\n<p>Guy LEJOLY :  L&rsquo;architecte Henri Cunibert et notre folklore<\/p>\n\n\n\n<p>Arthur WEY : Mes m\u00e9moires de guerre<\/p>\n\n\n\n<p>Marc DEWALQUE  : Les habitations fagnardes dites \u00ab\u00a0cabanes du N\u00e9gus\u00a0\u00bb de L\u00e9on Rinquet<\/p>\n\n\n\n<p>Robert BERARD :  Wilhem Schindler, ing\u00e9nieur aux Tanneries Lang victime de son appartenance ethnique !<\/p>\n\n\n\n<p>Maxime METZMACHER :  Les Herbiers de Hautes Ardenne. Pourquoi les h\u00e9berger dans les collections f\u00e9d\u00e9rales ?<\/p>\n\n\n\n<p>Norbert THUNUS :  De l&rsquo;h\u00f4tel Dumoulin \u00e0 l&rsquo;h\u00f4tel du moulin<\/p>\n\n\n\n<p>Norbert THUNUS :  De Malmedy \u00e0 Saint-Vith po l&rsquo;voye du Sin Vi<\/p>\n\n\n\n<p>Guy LEJOLY :  L&rsquo;historique de l&rsquo;ancienne caserne Sergent Mercy \u00e0 Malmedy<\/p>\n\n\n\n<p>Guy LEJOLY :  Le \u00ab\u00a0Dougu\u00e8t ou Doguet\u00a0\u00bb \u00e0 Faymonville<\/p>\n\n\n\n<p>Stany NO\u00cbL :  Le premier v\u00e9lo \u00e0 p\u00e9dales a-t-il \u00e9t\u00e9 construit \u00e0 Malmedy ?<\/p>\n\n\n\n<p>Wilfried JOUSTEN :  Li\u00e8ge et Eupen-Malmedy (1921-1925)<\/p>\n\n\n\n<p>Henri MATHONET :  Lorsqu&rsquo;on \u00ab\u00a0abissait\u00a0\u00bb dans la vall\u00e9e de la Warche<\/p>\n\n\n\n<p>Henri MATHONET :  Un miracle \u00e0 Warche<\/p>\n\n\n\n<p>Jean-Philippe KAEFER :  Histoire des lignes d&rsquo;autobus et leurs exploitants dans notre r\u00e9gion<\/p>\n\n\n\n<p>Norbert THUNUS :  Sur les traces du Photographe, Peintre et Graveur malm\u00e9dien Raoul Ubac (1910-1985)<\/p>\n\n\n\n<p>Norbert THUNUS :  1919-1920, une ann\u00e9e scolaire fort perturb\u00e9e<\/p>\n\n\n\n<p>G\u00e9rard SERVAIS :  Famille du Meiz<\/p>\n\n\n\n<p>Guy LEJOLY :  Un malm\u00e9dien assassin\u00e9 par les SS: Andr\u00e9 Fagnoul<\/p>\n\n\n\n<p>L\u00e9on HALLEUX :  Louis Koch et l&rsquo;acad\u00e9mie de musique de Malmedy<\/p>\n\n\n\n<p>Guy LEJOLY :  L&rsquo;\u00e9ph\u00e9m\u00e8re champ de course \u00e0 Malmedy<\/p>\n\n\n\n<p>Robert BERARD :  Henri Mathonet, un grand patriote<\/p>\n\n\n\n<p>Jacques DEBY :  Les ateliers Hubert Deby<\/p>\n\n\n\n<p>Jacques DEBY :  Photos anciennes<\/p>\n\n\n\n<p>Marc DEWALQUE :  Le peintre intimiste vervi\u00e9tois Georges Le Brun \u00e0 Xhoffraix<\/p>\n\n\n\n<p>Andr\u00e9 LIVET :  La gendarmerie de Malmedy<\/p>\n\n\n\n<p>Guy LEJOLY :  De la contrebande de \u00ab\u00a0P\u00e9k\u00e8t\u00a0\u00bb au home de Waimes<\/p>\n\n\n\n<p>Guy LEJOLY :  Il y a 50 ans, une grande surface self-services ouvrait ses portes \u00e0 Malmedy<\/p>\n\n\n\n<p>Yves MARTIN :  La chapelle Saint Jean l&rsquo;\u00e9vang\u00e9liste \u00e0 Chanpagne et ses desservants pendant les deux premiers si\u00e8cles<\/p>\n\n\n\n<p>Guy LEJOLY :  Et Weismes devint \u00ab\u00a0Waimes\u00a0\u00bb<\/p>\n\n\n\n<p>Nos membres \u00e9crivent<\/p>\n\n\n\n<p><\/p>\n\n\n\n<h1 class=\"wp-block-heading\"><strong>Tome 66 &#8211;  2023-2024<\/strong><\/h1>\n\n\n\n<p>L\u00e9on HALLEUX: Le mot du pr\u00e9sident.<\/p>\n\n\n\n<p>L\u00e9on HALLEUX&nbsp;: In M\u00e9moriam, Jean-Marie Dehalleux, Robert B\u00e9rard.<\/p>\n\n\n\n<p>G\u00e9rard SERVAIS&nbsp;: R\u00e9ception du Lieutenant-g\u00e9n\u00e9ral baron Herman Baltia, Haut commissaire et gouverneur des Cantons de l\u2019Est,&nbsp; le 28 octobre 1923 \u00e0 Malmedy.<\/p>\n\n\n\n<p>Justine REMACLE : Les traces m\u00e9morielles des bombardements de 1944 \u00e0 Malmedy.<\/p>\n\n\n\n<p>L\u00e9on HALLEUX : Alfred H\u00e9bers, une grande figure malm\u00e9dienne.<\/p>\n\n\n\n<p>L\u00e9on HALLEUX&nbsp;: Il \u00e9tait une fois \u00ab&nbsp;Amon l\u2019Roums&nbsp;\u00bb.<\/p>\n\n\n\n<p>Marc DEWALQUE&nbsp;: H\u00e9domont durant l\u2019offensive des Ardennes.<\/p>\n\n\n\n<p>G\u00e9rard SERVAIS&nbsp;: La famille Du Meiz \u00e0 Malmedy et Stavelot au 17<sup>e<\/sup> si\u00e8cle.<\/p>\n\n\n\n<p>Daniel GRODOS : L\u2019hotel du Globe et la vie culturelle communale.&nbsp;&nbsp;&nbsp;&nbsp;&nbsp;&nbsp;&nbsp;&nbsp;&nbsp;&nbsp;&nbsp;&nbsp;&nbsp;&nbsp;&nbsp;&nbsp;&nbsp;&nbsp;&nbsp;&nbsp;&nbsp;&nbsp;&nbsp;&nbsp;&nbsp;&nbsp;&nbsp;&nbsp;&nbsp;&nbsp;&nbsp;&nbsp;&nbsp;&nbsp;&nbsp;&nbsp;&nbsp;&nbsp;&nbsp;&nbsp;&nbsp;&nbsp;&nbsp;&nbsp;&nbsp;&nbsp;&nbsp;&nbsp;&nbsp;&nbsp;&nbsp;&nbsp;&nbsp; Chapitre 1 &#8211;&nbsp; Jean Radermacher et le Globe (1880 &#8211; 1980).&nbsp;&nbsp;&nbsp;&nbsp;&nbsp;&nbsp;&nbsp;&nbsp;&nbsp;&nbsp;&nbsp;&nbsp;&nbsp;&nbsp;&nbsp;&nbsp;&nbsp;&nbsp;&nbsp;&nbsp;&nbsp;&nbsp;&nbsp;&nbsp;&nbsp;&nbsp;&nbsp;&nbsp;&nbsp;&nbsp;&nbsp;&nbsp;&nbsp;&nbsp;&nbsp;&nbsp;&nbsp;&nbsp;&nbsp;&nbsp;&nbsp;&nbsp;&nbsp;&nbsp;&nbsp;&nbsp;&nbsp;&nbsp;&nbsp;&nbsp;&nbsp;&nbsp;&nbsp;&nbsp;&nbsp;&nbsp;&nbsp;&nbsp;&nbsp;&nbsp; Chapitre 2 &#8211; &nbsp;La cr\u00e9ation du foyer culturel de Malmedy sous le mayorat de Robert Labiaux (1977 &#8211; 1982).<\/p>\n\n\n\n<p>Christian DEWALQUE&nbsp;: L\u2019abornement Belgique \u2013 Prusse en Wallonie malm\u00e9dienne. &nbsp;&#8211;&nbsp;&nbsp;&nbsp;&nbsp;&nbsp;&nbsp;&nbsp;&nbsp;&nbsp;&nbsp;&nbsp;&nbsp;&nbsp;&nbsp;&nbsp;&nbsp;&nbsp;&nbsp;&nbsp;&nbsp; &nbsp;Qu\u2019en reste-t-il&nbsp;?<\/p>\n\n\n\n<p><\/p>\n\n\n\n<p><\/p>\n\n\n\n<p>&nbsp;&nbsp;&nbsp;&nbsp;&nbsp;&nbsp;&nbsp;&nbsp;&nbsp;&nbsp;&nbsp;&nbsp;&nbsp;&nbsp;&nbsp;&nbsp;&nbsp;&nbsp;&nbsp;&nbsp;&nbsp;&nbsp;&nbsp;&nbsp;&nbsp;&nbsp;&nbsp;&nbsp;&nbsp;&nbsp;&nbsp;&nbsp;&nbsp;&nbsp;&nbsp;&nbsp;&nbsp;&nbsp;&nbsp;&nbsp;&nbsp;&nbsp;&nbsp;&nbsp;&nbsp;&nbsp;&nbsp;&nbsp;&nbsp;&nbsp;&nbsp;&nbsp;&nbsp;&nbsp;&nbsp;&nbsp;&nbsp;&nbsp;&nbsp; * * * *<\/p>\n\n\n\n<p>Les tomes du n\u00b0 1 (1922) au tome n\u00b027 (1963) ainsi que le tome n\u00b032 (1968), sont \u00e9puis\u00e9s.<\/p>\n\n\n\n<p><\/p>\n\n\n\n<p>Pour les virements pr\u00e9alables \u00e0 l&rsquo;envoi, faites-les au compte de l\u2019A.S.B.L. Malmedy Folklore, . Banque CBC&nbsp;; n\u00b0 IBAN&nbsp;; BE04 7320 5831 4431,  Code BIC:  CREGBEBB .<\/p>\n","protected":false},"excerpt":{"rendered":"<p>Soci\u00e9t\u00e9 Royale d\u2019Histoire MALMEDY FOLKLORE &nbsp;fond\u00e9e en 1923 Revue fond\u00e9e en 1922 TABLE DES ARTICLES PARUS DANS \u00ab\u00a0MALMEDY-FOLKLORE\u00a0\u00bb depuis le n\u00b0 I en 1922 jusqu\u2019au n\u00b0 65 en 2022 TOME I n\u00b0 1 &#8211; 1922 XXX&nbsp;&nbsp;&nbsp;&nbsp;&nbsp;&nbsp;&nbsp;&nbsp;&nbsp;&nbsp;&nbsp;&nbsp;&nbsp;&nbsp;&nbsp;&nbsp;&nbsp;&nbsp;&nbsp;&nbsp;&nbsp;&nbsp;&nbsp;&nbsp;&nbsp;&nbsp;&nbsp;&nbsp;&nbsp;&nbsp;&nbsp;&nbsp;&nbsp;&nbsp;&nbsp;&nbsp;&nbsp; Statuts de la Soci\u00e9t\u00e9 de Folklore N\u00e9au-Malmedy-Saint-Vith. J. BASTIN&nbsp;&nbsp;&nbsp;&nbsp;&nbsp;&nbsp;&nbsp;&nbsp;&nbsp;&nbsp;&nbsp;&nbsp;&nbsp;&nbsp;&nbsp;&nbsp;&nbsp;&nbsp;&nbsp;&nbsp;&nbsp;&nbsp;&nbsp;&nbsp;&nbsp;&nbsp;&nbsp;&nbsp; Les Plantes dans le parler, l\u2019histoire et les usages de &hellip; <\/p>\n<p class=\"link-more\"><a href=\"https:\/\/www.malmedyfolklore.be\/?p=156\" class=\"more-link\">Continuer la lecture<span class=\"screen-reader-text\"> de &laquo;&nbsp;Sommaire des num\u00e9ros parus  de 1922 \u00e0 2022&nbsp;&raquo;<\/span><\/a><\/p>\n","protected":false},"author":1,"featured_media":0,"comment_status":"closed","ping_status":"open","sticky":false,"template":"","format":"standard","meta":{"footnotes":""},"categories":[4],"tags":[],"class_list":["post-156","post","type-post","status-publish","format-standard","hentry","category-archives"],"_links":{"self":[{"href":"https:\/\/www.malmedyfolklore.be\/index.php?rest_route=\/wp\/v2\/posts\/156","targetHints":{"allow":["GET"]}}],"collection":[{"href":"https:\/\/www.malmedyfolklore.be\/index.php?rest_route=\/wp\/v2\/posts"}],"about":[{"href":"https:\/\/www.malmedyfolklore.be\/index.php?rest_route=\/wp\/v2\/types\/post"}],"author":[{"embeddable":true,"href":"https:\/\/www.malmedyfolklore.be\/index.php?rest_route=\/wp\/v2\/users\/1"}],"replies":[{"embeddable":true,"href":"https:\/\/www.malmedyfolklore.be\/index.php?rest_route=%2Fwp%2Fv2%2Fcomments&post=156"}],"version-history":[{"count":17,"href":"https:\/\/www.malmedyfolklore.be\/index.php?rest_route=\/wp\/v2\/posts\/156\/revisions"}],"predecessor-version":[{"id":750,"href":"https:\/\/www.malmedyfolklore.be\/index.php?rest_route=\/wp\/v2\/posts\/156\/revisions\/750"}],"wp:attachment":[{"href":"https:\/\/www.malmedyfolklore.be\/index.php?rest_route=%2Fwp%2Fv2%2Fmedia&parent=156"}],"wp:term":[{"taxonomy":"category","embeddable":true,"href":"https:\/\/www.malmedyfolklore.be\/index.php?rest_route=%2Fwp%2Fv2%2Fcategories&post=156"},{"taxonomy":"post_tag","embeddable":true,"href":"https:\/\/www.malmedyfolklore.be\/index.php?rest_route=%2Fwp%2Fv2%2Ftags&post=156"}],"curies":[{"name":"wp","href":"https:\/\/api.w.org\/{rel}","templated":true}]}}