{"id":176,"date":"2020-02-05T11:16:06","date_gmt":"2020-02-05T10:16:06","guid":{"rendered":"https:\/\/www.malmedyfolklore.be\/?p=176"},"modified":"2023-11-16T22:41:21","modified_gmt":"2023-11-16T21:41:21","slug":"autres-publications","status":"publish","type":"post","link":"https:\/\/www.malmedyfolklore.be\/?p=176","title":{"rendered":"L&rsquo;abb\u00e9 Joseph Bastin &#8211; Guy Lejoly"},"content":{"rendered":"\n<div class=\"wp-block-media-text alignwide\" style=\"grid-template-columns:33% auto\"><figure class=\"wp-block-media-text__media\"><img loading=\"lazy\" decoding=\"async\" width=\"230\" height=\"327\" src=\"https:\/\/www.malmedyfolklore.be\/wp-content\/uploads\/2020\/02\/Autre1.jpg\" alt=\"\" class=\"wp-image-178 size-full\" srcset=\"https:\/\/www.malmedyfolklore.be\/wp-content\/uploads\/2020\/02\/Autre1.jpg 230w, https:\/\/www.malmedyfolklore.be\/wp-content\/uploads\/2020\/02\/Autre1-211x300.jpg 211w\" sizes=\"auto, (max-width: 230px) 100vw, 230px\" \/><\/figure><div class=\"wp-block-media-text__content\">\n<p>Malmedy-Folklore vient d&rsquo;\u00e9diter un tr\u00e8s bel ouvrage concernant l&rsquo;Abb\u00e9 Bastin.<br>Sous ce titre, l&rsquo;auteur Guy Lejoly nous fait d\u00e9couvrir les p\u00e9rip\u00e9ties de la Wallonie malm\u00e9dienne entre la fin du r\u00e9gime prussien et le rattachement \u00e0 la Belgique pour lequel l&rsquo;Abb\u00e9 Bastin et le Club Wallon se sont battus.<\/p>\n\n\n\n<p>Ce tr\u00e8s bel album est agr\u00e9ment\u00e9 de nombreuses anecdotes et de plusieurs dizaines de photos in\u00e9dites.<\/p>\n\n\n\n<p>L&rsquo;exemplaire est disponible au prix de 30,00 \u20ac .<\/p>\n\n\n\n<p>plus frais de port<\/p>\n\n\n\n<p>Virement au compte de l\u2019A.S.B.L. Malmedy Folklore. Banque CBC&nbsp;; n\u00b0 IBAN&nbsp;; BE04 7320 5831 4431 .<\/p>\n<\/div><\/div>\n","protected":false},"excerpt":{"rendered":"<p>Malmedy-Folklore vient d&rsquo;\u00e9diter un tr\u00e8s bel ouvrage concernant l&rsquo;Abb\u00e9 Bastin.Sous ce titre, l&rsquo;auteur Guy Lejoly nous fait d\u00e9couvrir les p\u00e9rip\u00e9ties de la Wallonie malm\u00e9dienne entre la fin du r\u00e9gime prussien et le rattachement \u00e0 la Belgique pour lequel l&rsquo;Abb\u00e9 Bastin et le Club Wallon se sont battus. Ce tr\u00e8s bel album est agr\u00e9ment\u00e9 de nombreuses &hellip; <\/p>\n<p class=\"link-more\"><a href=\"https:\/\/www.malmedyfolklore.be\/?p=176\" class=\"more-link\">Continuer la lecture<span class=\"screen-reader-text\"> de &laquo;&nbsp;L&rsquo;abb\u00e9 Joseph Bastin &#8211; Guy Lejoly&nbsp;&raquo;<\/span><\/a><\/p>\n","protected":false},"author":1,"featured_media":0,"comment_status":"closed","ping_status":"closed","sticky":false,"template":"","format":"standard","meta":{"footnotes":""},"categories":[8],"tags":[],"class_list":["post-176","post","type-post","status-publish","format-standard","hentry","category-autres"],"_links":{"self":[{"href":"https:\/\/www.malmedyfolklore.be\/index.php?rest_route=\/wp\/v2\/posts\/176","targetHints":{"allow":["GET"]}}],"collection":[{"href":"https:\/\/www.malmedyfolklore.be\/index.php?rest_route=\/wp\/v2\/posts"}],"about":[{"href":"https:\/\/www.malmedyfolklore.be\/index.php?rest_route=\/wp\/v2\/types\/post"}],"author":[{"embeddable":true,"href":"https:\/\/www.malmedyfolklore.be\/index.php?rest_route=\/wp\/v2\/users\/1"}],"replies":[{"embeddable":true,"href":"https:\/\/www.malmedyfolklore.be\/index.php?rest_route=%2Fwp%2Fv2%2Fcomments&post=176"}],"version-history":[{"count":8,"href":"https:\/\/www.malmedyfolklore.be\/index.php?rest_route=\/wp\/v2\/posts\/176\/revisions"}],"predecessor-version":[{"id":669,"href":"https:\/\/www.malmedyfolklore.be\/index.php?rest_route=\/wp\/v2\/posts\/176\/revisions\/669"}],"wp:attachment":[{"href":"https:\/\/www.malmedyfolklore.be\/index.php?rest_route=%2Fwp%2Fv2%2Fmedia&parent=176"}],"wp:term":[{"taxonomy":"category","embeddable":true,"href":"https:\/\/www.malmedyfolklore.be\/index.php?rest_route=%2Fwp%2Fv2%2Fcategories&post=176"},{"taxonomy":"post_tag","embeddable":true,"href":"https:\/\/www.malmedyfolklore.be\/index.php?rest_route=%2Fwp%2Fv2%2Ftags&post=176"}],"curies":[{"name":"wp","href":"https:\/\/api.w.org\/{rel}","templated":true}]}}