{"id":188,"date":"2020-02-05T12:34:29","date_gmt":"2020-02-05T11:34:29","guid":{"rendered":"https:\/\/www.malmedyfolklore.be\/?p=188"},"modified":"2024-04-02T09:55:55","modified_gmt":"2024-04-02T07:55:55","slug":"mdy-autrefois","status":"publish","type":"post","link":"https:\/\/www.malmedyfolklore.be\/?p=188","title":{"rendered":"Malmedy Autrefois"},"content":{"rendered":"<p>\n<!--StartFragment--><\/p>\n\n\n<p>En cette fin d&rsquo;ann\u00e9e 2017, Malmedy Folklore a \u00e9dit\u00e9  le livre \u00ab\u00a0Malmedy Autrefois\u00a0\u00bb de Louis Dislaire.<\/p>\n\n\n\n<p> Il s&rsquo;agit d&rsquo;anciennes vues de Malmedy  comment\u00e9es par Louis Dislaire qui avaient \u00e9t\u00e9 publi\u00e9es en son temps dans  l&rsquo;hebdomadaire \u00ab\u00a0VLAN\u00a0\u00bb. <\/p>\n\n\n\n<p>Ces photos se rapportent \u00e0 la vie  quotidienne, \u00e0 la vie scolaire, au travail, aux traditions, aux loisirs, aux  usines, aux quartiers de la ville de Malmedy, non encore boulevers\u00e9s par la  guerre et la fr\u00e9n\u00e9sie des constructions actuelles &nbsp;<\/p>\n\n\n\n<p> Promotion :  \u00e0 l&rsquo;achat de plusieurs tomes, ce livre vous sera offert !<\/p>\n\n\n\n<p>Prix: 10,00 \u20ac plus frais de port.<\/p>\n\n\n\n<p>Virement au compte de l\u2019A.S.B.L. Malmedy Folklore. <\/p>\n\n\n\n<p>Banque CBC&nbsp;;  n\u00b0 IBAN&nbsp;;    BE04 7320 5831 4431 .<\/p>\n\n\n<p><!--EndFragment--><\/p>\n\n\n<figure class=\"wp-block-image size-large\"><img loading=\"lazy\" decoding=\"async\" width=\"945\" height=\"670\" src=\"https:\/\/www.malmedyfolklore.be\/wp-content\/uploads\/2020\/02\/Mdy_autrefois_couleur_2.jpg\" alt=\"\" class=\"wp-image-240\" srcset=\"https:\/\/www.malmedyfolklore.be\/wp-content\/uploads\/2020\/02\/Mdy_autrefois_couleur_2.jpg 945w, https:\/\/www.malmedyfolklore.be\/wp-content\/uploads\/2020\/02\/Mdy_autrefois_couleur_2-300x213.jpg 300w, https:\/\/www.malmedyfolklore.be\/wp-content\/uploads\/2020\/02\/Mdy_autrefois_couleur_2-768x545.jpg 768w\" sizes=\"auto, (max-width: 706px) 89vw, (max-width: 767px) 82vw, 740px\" \/><\/figure>\n","protected":false},"excerpt":{"rendered":"<p>En cette fin d&rsquo;ann\u00e9e 2017, Malmedy Folklore a \u00e9dit\u00e9 le livre \u00ab\u00a0Malmedy Autrefois\u00a0\u00bb de Louis Dislaire. Il s&rsquo;agit d&rsquo;anciennes vues de Malmedy comment\u00e9es par Louis Dislaire qui avaient \u00e9t\u00e9 publi\u00e9es en son temps dans l&rsquo;hebdomadaire \u00ab\u00a0VLAN\u00a0\u00bb. Ces photos se rapportent \u00e0 la vie quotidienne, \u00e0 la vie scolaire, au travail, aux traditions, aux loisirs, aux &hellip; <\/p>\n<p class=\"link-more\"><a href=\"https:\/\/www.malmedyfolklore.be\/?p=188\" class=\"more-link\">Continuer la lecture<span class=\"screen-reader-text\"> de &laquo;&nbsp;Malmedy Autrefois&nbsp;&raquo;<\/span><\/a><\/p>\n","protected":false},"author":1,"featured_media":0,"comment_status":"closed","ping_status":"open","sticky":false,"template":"","format":"standard","meta":{"footnotes":""},"categories":[8],"tags":[],"class_list":["post-188","post","type-post","status-publish","format-standard","hentry","category-autres"],"_links":{"self":[{"href":"https:\/\/www.malmedyfolklore.be\/index.php?rest_route=\/wp\/v2\/posts\/188","targetHints":{"allow":["GET"]}}],"collection":[{"href":"https:\/\/www.malmedyfolklore.be\/index.php?rest_route=\/wp\/v2\/posts"}],"about":[{"href":"https:\/\/www.malmedyfolklore.be\/index.php?rest_route=\/wp\/v2\/types\/post"}],"author":[{"embeddable":true,"href":"https:\/\/www.malmedyfolklore.be\/index.php?rest_route=\/wp\/v2\/users\/1"}],"replies":[{"embeddable":true,"href":"https:\/\/www.malmedyfolklore.be\/index.php?rest_route=%2Fwp%2Fv2%2Fcomments&post=188"}],"version-history":[{"count":11,"href":"https:\/\/www.malmedyfolklore.be\/index.php?rest_route=\/wp\/v2\/posts\/188\/revisions"}],"predecessor-version":[{"id":706,"href":"https:\/\/www.malmedyfolklore.be\/index.php?rest_route=\/wp\/v2\/posts\/188\/revisions\/706"}],"wp:attachment":[{"href":"https:\/\/www.malmedyfolklore.be\/index.php?rest_route=%2Fwp%2Fv2%2Fmedia&parent=188"}],"wp:term":[{"taxonomy":"category","embeddable":true,"href":"https:\/\/www.malmedyfolklore.be\/index.php?rest_route=%2Fwp%2Fv2%2Fcategories&post=188"},{"taxonomy":"post_tag","embeddable":true,"href":"https:\/\/www.malmedyfolklore.be\/index.php?rest_route=%2Fwp%2Fv2%2Ftags&post=188"}],"curies":[{"name":"wp","href":"https:\/\/api.w.org\/{rel}","templated":true}]}}