{"id":264,"date":"2020-05-26T14:17:26","date_gmt":"2020-05-26T12:17:26","guid":{"rendered":"https:\/\/www.malmedyfolklore.be\/?p=264"},"modified":"2025-09-11T13:37:43","modified_gmt":"2025-09-11T11:37:43","slug":"les-wallons-prussiens-morts-pour-le-kaiser-en-1914-18","status":"publish","type":"post","link":"https:\/\/www.malmedyfolklore.be\/?p=264","title":{"rendered":"Les Wallons prussiens morts pour le Kaiser en 1914-18"},"content":{"rendered":"\n<figure class=\"wp-block-gallery has-nested-images columns-default is-cropped wp-block-gallery-1 is-layout-flex wp-block-gallery-is-layout-flex\">\n<figure class=\"wp-block-image size-large\"><img loading=\"lazy\" decoding=\"async\" width=\"414\" height=\"585\" data-id=\"322\" src=\"https:\/\/www.malmedyfolklore.be\/wp-content\/uploads\/2020\/05\/Cov-14-18b.jpg\" alt=\"\" class=\"wp-image-322\" srcset=\"https:\/\/www.malmedyfolklore.be\/wp-content\/uploads\/2020\/05\/Cov-14-18b.jpg 414w, https:\/\/www.malmedyfolklore.be\/wp-content\/uploads\/2020\/05\/Cov-14-18b-212x300.jpg 212w\" sizes=\"auto, (max-width: 414px) 100vw, 414px\" \/><figcaption class=\"wp-element-caption\">Les wallons prussiens morts pour le Kaiser<\/figcaption><\/figure>\n<\/figure>\n\n\n\n<p>Nous qui sommes quotidiennement baign\u00e9s dans notre histoire locale bien particuli\u00e8re, sommes tr\u00e8s souvent surpris, pour ne pas dire ahuris, de l&rsquo;ignorance de nos compatriotes par rapport \u00e0 l&rsquo;Histoire r\u00e9cente de notre canton. Il faut dire que&nbsp; \u00ab\u00a0l&rsquo;Histoire de Belgique\u00a0\u00bb de Henri Pirenne n&rsquo;en parle pas puisque sa r\u00e9daction se cl\u00f4ture en 1918 et \u00ab\u00a0l&rsquo;Histoire de la Belgique contemporaine\u00a0\u00bb due \u00e0 son fils et plusieurs autres historiens, y consacre moins de dix lignes !<\/p>\n\n\n\n<p>Beaucoup de ceux que nous nommons aussi \u00ab\u00a0anciens Belges\u00a0\u00bb par rapport \u00e0 nous, les \u00ab\u00a0nouveaux\u00a0\u00bb, m\u00e9connaissent le caract\u00e8re latin des communes actuelles de Malmedy et Waimes (et de leurs villages fusionn\u00e9s au 1er janvier 1977) appel\u00e9es aussi&nbsp; \u00ab\u00a0Wallonie malm\u00e9dienne\u00a0\u00bb.<\/p>\n\n\n\n<p>Cette identit\u00e9 que nous poss\u00e9dons depuis la conqu\u00eate de Jules C\u00e9sar, n&rsquo;a jamais \u00e9t\u00e9 contest\u00e9e tout au long des 1.146 ans de l&rsquo;existence de la Principaut\u00e9 de Stavelot-Malmedy, ni au cours de notre rattachement \u00e0 la France&nbsp; apr\u00e8s la R\u00e9volution Fran\u00e7aise, ni m\u00eame au d\u00e9but de notre annexion \u00e0&nbsp; la Prusse apr\u00e8s la chute de Napol\u00e9on.&nbsp; En effet, le Roi Fr\u00e9d\u00e9ric-Guillaume ne disait-il pas qu&rsquo;il \u00e9tait fier de poss\u00e9der dans son royaume un coin de terre o\u00f9 l&rsquo;on parlait fran\u00e7ais !&nbsp; De m\u00eame dans les archives communales de Malmedy, les d\u00e9cisions du Conseil \u00e9taient communiqu\u00e9es aux autorit\u00e9s prussiennes en fran\u00e7ais, \u00e0 telle enseigne qu&rsquo;une directive de Berlin demande que l&rsquo;on y joigne une traduction en allemand !<\/p>\n\n\n\n<p>Apr\u00e8s la guerre&nbsp; de 1870-71, le Reich allemand est proclam\u00e9 \u00e0 Versailles le 18 janvier 1871 et l&rsquo;Allemagne est prussianis\u00e9e. C&rsquo;est ainsi&nbsp; qu&rsquo; en 1878, 63 ans apr\u00e8s l&rsquo;annexion, le Chancelier Bismarck nous impose la langue allemande en proscrivant le fran\u00e7ais. Les actes officiels seront donc r\u00e9dig\u00e9s en allemand, mais la population continuera de parler wallon. De m\u00eame, pendant toute notre p\u00e9riode prussienne, les journaux&nbsp; locaux continueront de para\u00eetre en fran\u00e7ais, \u00e0 l&rsquo;exception des communiqu\u00e9s officiels !&nbsp; C&rsquo;est de cette \u00e9poque que date la cr\u00e9ation du \u00ab\u00a0Club Wallon\u00a0\u00bb toujours vigoureux aujourd&rsquo;hui.<\/p>\n\n\n\n<p>Nos autorit\u00e9s malm\u00e9diennes ne cesseront (appuy\u00e9es par les Henri Bragard, abb\u00e9 Pietkin, abb\u00e9 Bastin et beaucoup d&rsquo;autres), de r\u00e9clamer la reconnaissance de la langue fran\u00e7aise et du wallon, tout en jurant fid\u00e9lit\u00e9 au Roi de Prusse. N&rsquo;oublions pas qu&rsquo;ils n&rsquo;ont jamais \u00e9t\u00e9 Belges puisque la Belgique n&rsquo;existait pas&nbsp; en 1815 !<\/p>\n\n\n\n<p>Ainsi donc, en 1914 nos braves Wallons \u00e9taient Prussiens depuis 99 ans, c&rsquo;est \u00e0 dire trois g\u00e9n\u00e9rations, et furent tout naturellement mobilis\u00e9s pour cette guerre qui allait les opposer \u00e0 leurs fr\u00e8res Wallons de Belgique.<\/p>\n\n\n\n<p>C&rsquo;est cet \u00e9pisode particuli\u00e8rement meurtrier pour les deux camps, que nous retrace le livre de Robert B\u00e9rard\u00a0 et Guy Lejoly, \u00e9dit\u00e9 par \u00ab\u00a0Malmedy-Folklore\u00a0\u00bb, rappelant le sacrifice de 400 de nos anc\u00eatres wallons, morts pour la folie expansionniste du Kaiser. Ce travail s&rsquo;inscrit dans la droite ligne de l&rsquo;h\u00e9ritage du Chef du Gouvernement d&rsquo;Eupen-Malmedy, le G\u00e9n\u00e9ral Baron Baltia qui cr\u00e9a notre revue en 1922 dans le but de sauvegarder la m\u00e9moire populaire de nos particularit\u00e9s&#8230;.\/&#8230;<\/p>\n\n\n\n<p>Gr\u00e2ce aux recherches longues et m\u00e9ticuleuses des deux auteurs, respectivement Secr\u00e9taire et Vice-Pr\u00e9sident de notre soci\u00e9t\u00e9 d&rsquo;Histoire, non seulement nous avons pu aller fleurir les tombes dans les cimeti\u00e8res allemands de Flandre, mais surtout, chaque famille de notre Wallonie malm\u00e9dienne pourra&nbsp; retrouver l&rsquo;un des siens ( parfois m\u00eame plusieurs) et conna\u00eetre enfin les p\u00e9rip\u00e9ties de leurs derniers jours et savoir o\u00f9 ils reposent. Cela permettra aussi de faire un p\u00e8lerinage de recueillement&nbsp; et renouer avec un pass\u00e9 aussi trouble que cruel.<\/p>\n\n\n\n<p>Nous sommes persuad\u00e9s que cet ouvrage, qui est aussi didactique, rencontrera un franc succ\u00e8s tant aupr\u00e8s de la population concern\u00e9e que des amateurs d&rsquo; Histoire curieux de comprendre l&rsquo;esprit particulier qui soude ces Wallons du bout du monde tellement accroch\u00e9s \u00e0 leur idiome.<\/p>\n\n\n\n<p><strong>\u00ab&nbsp;Les Wallons prussiens morts pour le Kaiser en 1914-1918&nbsp;\u00bb<\/strong><\/p>\n\n\n\n<p>R. B\u00c9RARD et G. LEJOLY<\/p>\n\n\n\n<p>Cet ouvrage de 312 pages, richement illustr\u00e9 explique l\u2019encha\u00eenement des guerres franco-prussiennes de 1870 et 1914 et livre de tr\u00e8s nombreux commentaires sur les 400 Wallons morts pour le Kaiser.<\/p>\n\n\n\n<p>Virement au compte de l\u2019A.S.B.L. Malmedy Folklore. Banque CBC&nbsp;; n\u00b0 IBAN&nbsp;; BE04 7320 5831 4431 .<\/p>\n\n\n\n<p><\/p>\n\n\n\n<p>Prix&nbsp;: 25  \u20ac  plus frais de port.<\/p>\n\n\n\n<p><\/p>\n","protected":false},"excerpt":{"rendered":"<p>Nous qui sommes quotidiennement baign\u00e9s dans notre histoire locale bien particuli\u00e8re, sommes tr\u00e8s souvent surpris, pour ne pas dire ahuris, de l&rsquo;ignorance de nos compatriotes par rapport \u00e0 l&rsquo;Histoire r\u00e9cente de notre canton. Il faut dire que&nbsp; \u00ab\u00a0l&rsquo;Histoire de Belgique\u00a0\u00bb de Henri Pirenne n&rsquo;en parle pas puisque sa r\u00e9daction se cl\u00f4ture en 1918 et \u00ab\u00a0l&rsquo;Histoire &hellip; <\/p>\n<p class=\"link-more\"><a href=\"https:\/\/www.malmedyfolklore.be\/?p=264\" class=\"more-link\">Continuer la lecture<span class=\"screen-reader-text\"> de &laquo;&nbsp;Les Wallons prussiens morts pour le Kaiser en 1914-18&nbsp;&raquo;<\/span><\/a><\/p>\n","protected":false},"author":4,"featured_media":0,"comment_status":"closed","ping_status":"open","sticky":false,"template":"","format":"standard","meta":{"footnotes":""},"categories":[8],"tags":[],"class_list":["post-264","post","type-post","status-publish","format-standard","hentry","category-autres"],"_links":{"self":[{"href":"https:\/\/www.malmedyfolklore.be\/index.php?rest_route=\/wp\/v2\/posts\/264","targetHints":{"allow":["GET"]}}],"collection":[{"href":"https:\/\/www.malmedyfolklore.be\/index.php?rest_route=\/wp\/v2\/posts"}],"about":[{"href":"https:\/\/www.malmedyfolklore.be\/index.php?rest_route=\/wp\/v2\/types\/post"}],"author":[{"embeddable":true,"href":"https:\/\/www.malmedyfolklore.be\/index.php?rest_route=\/wp\/v2\/users\/4"}],"replies":[{"embeddable":true,"href":"https:\/\/www.malmedyfolklore.be\/index.php?rest_route=%2Fwp%2Fv2%2Fcomments&post=264"}],"version-history":[{"count":13,"href":"https:\/\/www.malmedyfolklore.be\/index.php?rest_route=\/wp\/v2\/posts\/264\/revisions"}],"predecessor-version":[{"id":792,"href":"https:\/\/www.malmedyfolklore.be\/index.php?rest_route=\/wp\/v2\/posts\/264\/revisions\/792"}],"wp:attachment":[{"href":"https:\/\/www.malmedyfolklore.be\/index.php?rest_route=%2Fwp%2Fv2%2Fmedia&parent=264"}],"wp:term":[{"taxonomy":"category","embeddable":true,"href":"https:\/\/www.malmedyfolklore.be\/index.php?rest_route=%2Fwp%2Fv2%2Fcategories&post=264"},{"taxonomy":"post_tag","embeddable":true,"href":"https:\/\/www.malmedyfolklore.be\/index.php?rest_route=%2Fwp%2Fv2%2Ftags&post=264"}],"curies":[{"name":"wp","href":"https:\/\/api.w.org\/{rel}","templated":true}]}}