{"id":559,"date":"2022-10-19T15:43:15","date_gmt":"2022-10-19T13:43:15","guid":{"rendered":"https:\/\/www.malmedyfolklore.be\/?p=559"},"modified":"2023-11-14T18:14:24","modified_gmt":"2023-11-14T17:14:24","slug":"tome-65-du-100-eme-anniversaire-de-la-revue","status":"publish","type":"post","link":"https:\/\/www.malmedyfolklore.be\/?p=559","title":{"rendered":"Tome 65 du 100 \u00e8me anniversaire de la revue"},"content":{"rendered":"\n<p>Sortie de presse exceptionnelle&nbsp; du fait qu\u2019il s\u2019agit du centi\u00e8me anniversaire de la revue Malmedy-Folklore.<\/p>\n\n\n\n<p>La revue a pr\u00e9c\u00e9d\u00e9 d\u2019un an la cr\u00e9ation de la soci\u00e9t\u00e9 \u00ab&nbsp;Malmedy Folklore&nbsp;\u00bb qui f\u00eatera son centi\u00e8me anniversaire en 2023.<\/p>\n\n\n\n<p>Pas moins de 34 articles r\u00e9partis sur 400 pages vous sont propos\u00e9s dans le tome 65 des ann\u00e9es 2020 \u00e0 2022.<\/p>\n\n\n\n<p>Prix exceptionnel de 37 \u20ac plus frais de port. <\/p>\n\n\n\n<p><\/p>\n\n\n\n<figure class=\"wp-block-image size-large\"><img loading=\"lazy\" decoding=\"async\" width=\"1024\" height=\"518\" src=\"https:\/\/www.malmedyfolklore.be\/wp-content\/uploads\/2022\/10\/Centieme-anniversaire-de-la-revue-1024x518.jpg\" alt=\"\" class=\"wp-image-554\" srcset=\"https:\/\/www.malmedyfolklore.be\/wp-content\/uploads\/2022\/10\/Centieme-anniversaire-de-la-revue-1024x518.jpg 1024w, https:\/\/www.malmedyfolklore.be\/wp-content\/uploads\/2022\/10\/Centieme-anniversaire-de-la-revue-300x152.jpg 300w, https:\/\/www.malmedyfolklore.be\/wp-content\/uploads\/2022\/10\/Centieme-anniversaire-de-la-revue-768x389.jpg 768w, https:\/\/www.malmedyfolklore.be\/wp-content\/uploads\/2022\/10\/Centieme-anniversaire-de-la-revue-1536x778.jpg 1536w, https:\/\/www.malmedyfolklore.be\/wp-content\/uploads\/2022\/10\/Centieme-anniversaire-de-la-revue-2048x1037.jpg 2048w\" sizes=\"auto, (max-width: 706px) 89vw, (max-width: 767px) 82vw, 740px\" \/><\/figure>\n\n\n\n<ul class=\"wp-block-list\">\n<li>Le comit\u00e9 retrace bri\u00e8vement les Pr\u00e9sidents et Pr\u00e9sidents d\u2019Honneur de ce si\u00e8cle d\u2019existence de la soci\u00e9t\u00e9 royale d\u2019Histoire locale&nbsp;;<\/li>\n\n\n\n<li>Guy Lejoly rend hommage aux membres disparus et \u00e0 deux membres actifs&nbsp;;<\/li>\n\n\n\n<li>Arthur Wey relate ses m\u00e9moires de guerre 1940-45&nbsp;;<\/li>\n\n\n\n<li>Marc Dewalque reprend l\u2019historique des habitations fagnardes de L\u00e9on Rinquet, alias \u00ab&nbsp;Le N\u00e9gus&nbsp;\u00bb&nbsp;;<\/li>\n\n\n\n<li>Robert B\u00e9rard d\u00e9crit le sort malheureux d\u2019un ing\u00e9nieur juif de la tannerie Lang lors des ann\u00e9es 40-45&nbsp;;<\/li>\n\n\n\n<li>Maxime Metzmacher nous commente le sort des herbiers de Marie -Anne&nbsp; Libert enfin sauvegard\u00e9&nbsp;;<\/li>\n\n\n\n<li>Norbert Thunus nous d\u00e9voile une page d\u2019histoire de l\u2019h\u00f4tel Dumoulin \u00e0 Ligneuville, ainsi que le trac\u00e9 de la voie de Saint-Vith&nbsp;;<\/li>\n\n\n\n<li>en 33 pages, Guy Lejoly fait l\u2019historique de l\u2019ancienne caserne Sergent Mercy de Malmedy, qui sera l\u2019occasion d\u2019une exposition \u00e0 la halle de Gr\u00e8t\u00e8dar en ce mois de novembre 2022&nbsp;;<\/li>\n\n\n\n<li>le toponyme Douguet de Faymonville n\u2019aura plus de secret pour vous gr\u00e2ce \u00e0 Guy Lejoly&nbsp;;<\/li>\n\n\n\n<li>Stany No\u00ebl signale la cr\u00e9ation d\u2019un v\u00e9lo \u00e0 p\u00e9dales \u00e0 Malmedy en 1863, un peu avant le d\u00e9p\u00f4t des premiers brevets&nbsp;;&nbsp;<\/li>\n\n\n\n<li>Wilfried Jousten relate la coexistence des deux dioc\u00e8ses de Li\u00e8ge et d\u2019Eupen-Malmedy,<\/li>\n\n\n\n<li>Henri Mathonet nous entretient de techniques de d\u00e9tournement des eaux de la Warche et d\u2019une d\u00e9couverte dans les m\u00eames eaux qui tient du miracle&nbsp;;<\/li>\n\n\n\n<li>un historique (40 pages) des lignes de bus dans notre r\u00e9gion est retrac\u00e9 par Jean-Philippe Kaefer&nbsp;;<\/li>\n\n\n\n<li>le peintre et graveur malm\u00e9dien Raoul Ubac ne vous sera plus inconnu gr\u00e2ce \u00e0 Norbert Thunus&nbsp;;<\/li>\n\n\n\n<li>le m\u00eame auteur fait le point sur une rentr\u00e9e scolaire fort chahut\u00e9e apr\u00e8s la guerre 14-18&nbsp;;<\/li>\n\n\n\n<li>G\u00e9rard Servais nous commente g\u00e9n\u00e9alogiquement la famille Du Meiz et nous fait d\u00e9couvrir quelques notes historiques sur le village de Meiz&nbsp;;<\/li>\n\n\n\n<li>un fait de la fin de la guerre 40-45 qui priva de la vie Andr\u00e9 Fagnoul nous est rem\u00e9mor\u00e9 par Guy Lejoly&nbsp;;<\/li>\n\n\n\n<li>L\u00e9on Halleux nous raconte la carri\u00e8re de Louis Koch \u00e0 l\u2019Acad\u00e9mie de musique de Malmedy, ce dernier appartenait \u00e0 une famille de grands violonistes li\u00e9geois&nbsp;;<\/li>\n\n\n\n<li>l\u2019histoire de l\u2019\u00e9ph\u00e9m\u00e8re champ de course hippique pr\u00e9c\u00e9dant la caserne de Malmedy est racont\u00e9e par Guy Lejoly&nbsp;;<\/li>\n\n\n\n<li>Robert B\u00e9rard relate la vie d\u2019un r\u00e9fractaire et d\u00e9serteur de la Wehrmacht, Henri Mathonet&nbsp;;<\/li>\n\n\n\n<li>un historique d\u2019une ancienne industrie de Malmedy, les ateliers Hubert Deby, est consign\u00e9 par Jacques Deby, descendant du fondateur&nbsp;;<\/li>\n\n\n\n<li>le passage de 1894 \u00e0 1914 du peintre intimiste vervi\u00e9tois Georges Le Brun \u00e0 Xhoffraix a laiss\u00e9 des traces sous forme de tableaux comment\u00e9s par les t\u00e9moignages des hoffurlins repris par Marc Dewalque&nbsp;;<\/li>\n\n\n\n<li>l\u2019histoire des b\u00e2timents de la gendarmerie de Malmedy est retrac\u00e9e par l\u2019ex commandant de la brigade de Malmedy, Andr\u00e9 Livet&nbsp;;<\/li>\n\n\n\n<li>le \u00ab&nbsp;p\u00e8ket&nbsp;\u00bb a \u00e9t\u00e9 souvent limite au niveau de la l\u00e9galit\u00e9 dans sa commercialisation. Ici c\u2019est le \u00ab&nbsp;p\u00e8ket&nbsp;\u00bb Lamby de Waimes qui sera cont\u00e9 par Guy Lejoly. L\u2019aventure se terminant par un legs \u00e0 l\u2019origine du home de Waimes&nbsp;;<\/li>\n\n\n\n<li>les&nbsp; 50 ans d\u2019existence&nbsp; de la premi\u00e8re \u00ab&nbsp;grande surface&nbsp;\u00bb self-service de distribution sont bri\u00e8vement&nbsp; rapport\u00e9s par Guy Lejoly&nbsp;;<\/li>\n\n\n\n<li>la chapelle Saint Jean de Champagne a 300 ans, la comm\u00e9moration de son existence et de la vie qu\u2019elle a donn\u00e9e dans le village est relat\u00e9e&nbsp; en 36 pages par Yves Martin&nbsp;;<\/li>\n\n\n\n<li>et enfin comment Weismes devint Waimes fait l\u2019objet d\u2019une explication chronologique de Guy Lejoly.<\/li>\n<\/ul>\n\n\n\n<ul class=\"wp-block-list\">\n<li><\/li>\n<\/ul>\n\n\n\n<figure class=\"wp-block-image size-medium\"><img loading=\"lazy\" decoding=\"async\" width=\"300\" height=\"294\" src=\"https:\/\/www.malmedyfolklore.be\/wp-content\/uploads\/2020\/02\/Dessin-Mdy-Folk-Cunibert-300x294.jpg\" alt=\"\" class=\"wp-image-237\" srcset=\"https:\/\/www.malmedyfolklore.be\/wp-content\/uploads\/2020\/02\/Dessin-Mdy-Folk-Cunibert-300x294.jpg 300w, https:\/\/www.malmedyfolklore.be\/wp-content\/uploads\/2020\/02\/Dessin-Mdy-Folk-Cunibert-768x752.jpg 768w, https:\/\/www.malmedyfolklore.be\/wp-content\/uploads\/2020\/02\/Dessin-Mdy-Folk-Cunibert.jpg 988w\" sizes=\"auto, (max-width: 300px) 100vw, 300px\" \/><\/figure>\n","protected":false},"excerpt":{"rendered":"<p>Sortie de presse exceptionnelle&nbsp; du fait qu\u2019il s\u2019agit du centi\u00e8me anniversaire de la revue Malmedy-Folklore. La revue a pr\u00e9c\u00e9d\u00e9 d\u2019un an la cr\u00e9ation de la soci\u00e9t\u00e9 \u00ab&nbsp;Malmedy Folklore&nbsp;\u00bb qui f\u00eatera son centi\u00e8me anniversaire en 2023. Pas moins de 34 articles r\u00e9partis sur 400 pages vous sont propos\u00e9s dans le tome 65 des ann\u00e9es 2020 \u00e0 &hellip; <\/p>\n<p class=\"link-more\"><a href=\"https:\/\/www.malmedyfolklore.be\/?p=559\" class=\"more-link\">Continuer la lecture<span class=\"screen-reader-text\"> de &laquo;&nbsp;Tome 65 du 100 \u00e8me anniversaire de la revue&nbsp;&raquo;<\/span><\/a><\/p>\n","protected":false},"author":4,"featured_media":0,"comment_status":"closed","ping_status":"closed","sticky":false,"template":"","format":"standard","meta":{"footnotes":""},"categories":[1],"tags":[],"class_list":["post-559","post","type-post","status-publish","format-standard","hentry","category-revues"],"_links":{"self":[{"href":"https:\/\/www.malmedyfolklore.be\/index.php?rest_route=\/wp\/v2\/posts\/559","targetHints":{"allow":["GET"]}}],"collection":[{"href":"https:\/\/www.malmedyfolklore.be\/index.php?rest_route=\/wp\/v2\/posts"}],"about":[{"href":"https:\/\/www.malmedyfolklore.be\/index.php?rest_route=\/wp\/v2\/types\/post"}],"author":[{"embeddable":true,"href":"https:\/\/www.malmedyfolklore.be\/index.php?rest_route=\/wp\/v2\/users\/4"}],"replies":[{"embeddable":true,"href":"https:\/\/www.malmedyfolklore.be\/index.php?rest_route=%2Fwp%2Fv2%2Fcomments&post=559"}],"version-history":[{"count":5,"href":"https:\/\/www.malmedyfolklore.be\/index.php?rest_route=\/wp\/v2\/posts\/559\/revisions"}],"predecessor-version":[{"id":660,"href":"https:\/\/www.malmedyfolklore.be\/index.php?rest_route=\/wp\/v2\/posts\/559\/revisions\/660"}],"wp:attachment":[{"href":"https:\/\/www.malmedyfolklore.be\/index.php?rest_route=%2Fwp%2Fv2%2Fmedia&parent=559"}],"wp:term":[{"taxonomy":"category","embeddable":true,"href":"https:\/\/www.malmedyfolklore.be\/index.php?rest_route=%2Fwp%2Fv2%2Fcategories&post=559"},{"taxonomy":"post_tag","embeddable":true,"href":"https:\/\/www.malmedyfolklore.be\/index.php?rest_route=%2Fwp%2Fv2%2Ftags&post=559"}],"curies":[{"name":"wp","href":"https:\/\/api.w.org\/{rel}","templated":true}]}}